{"id":3541,"date":"2024-12-11T16:24:55","date_gmt":"2024-12-11T15:24:55","guid":{"rendered":"https:\/\/www.astoria.bo.it\/?p=3541"},"modified":"2024-12-11T16:24:55","modified_gmt":"2024-12-11T15:24:55","slug":"bologna-la-favola-di-atalanta-guido-reni-e-i-poeti-alla-pinacoteca-nazionale","status":"publish","type":"post","link":"https:\/\/astoria.bo.it\/it\/bologna-la-favola-di-atalanta-guido-reni-e-i-poeti-alla-pinacoteca-nazionale\/","title":{"rendered":"Bologna: &#8220;La favola di Atalanta. Guido Reni e i poeti&#8221; alla Pinacoteca Nazionale"},"content":{"rendered":"<p>La Pinacoteca Nazionale di Bologna fino al 16 febbraio 2025 ospiter\u00e0 un evento di grande richiamo e rilevanza culturale: la mostra &#8220;La favola di Atalanta. Guido Reni e i poeti&#8221;.<\/p>\n<p>A cura di Giulia Iseppi, Raffaella Morselli e Maria Luisa Pacelli, questa mostra si colloca in un contesto di rinnovati studi sul maestro bolognese, un artista la cui influenza \u00e8 stata oggetto di recenti rassegne prestigiose in alcune delle pi\u00f9 importanti istituzioni museali europee, come lo St\u00e4del Museum di Francoforte, la Galleria Borghese di Roma e il Museo del Prado di Madrid. Oggi, la Pinacoteca di Bologna si erge come un faro culturale che non solo celebra la figura di Reni, ma anche il contesto letterario e artistico che lo circondava, creando un dialogo dinamico tra immagini e parole.<\/p>\n<p>Fin dal titolo che richiama la figura mitologica di Atalanta, simbolo di forza e bellezza, un personaggio legato a temi di trasformazione e conquista, le opere di Reni in mostra saranno affiancate da dipinti, incisioni e volumi a stampa che narrano come i poeti dell\u2019epoca, tra cui nomi di spicco come Giovanni Battista Marino, Andrea Barbazza e Cesare Rinaldi, abbiano saputo immortalare l\u2019essenza di queste opere, rendendole iconiche nel panorama culturale dell&#8217;epoca.<\/p>\n<p>Un esempio fulgido di questo scambio \u00e8 rappresentato dalla celeberrima &#8220;Strage degli Innocenti&#8221;, un capolavoro che trasmette una potenza emotiva e una maestria tecnica senza pari. Marino scrisse infatti una descrizione poetica che non solo celebrava l\u2019opera, ma ne suggellava la fortuna presso i contemporanei. Questo incontro tra arte e poesia \u00e8 il fil rouge che guider\u00e0 il visitatore attraverso le stanze della mostra.<\/p>\n<p>Il percorso espositivo si dipana tra le opere dei grandi maestri bolognesi del Cinque e Seicento: Ludovico e Agostino Carracci, Lavinia Fontana, Artemisia Gentileschi, accanto a Guido Reni. Queste creazioni non sono solo frutto di una genialit\u00e0 individuale, ma rappresentano l\u2019espressione di un ambiente culturale fertile e interconnesso, dove artisti e poeti si influenzavano a vicenda.<\/p>\n<p>Visite animate, laboratori per scuole e famiglie e eventi di approfondimento per adulti permetteranno di interagire con le opere in modo diretto e coinvolgente, rendendo l\u2019arte accessibile e viva. Grazie alla gratuit\u00e0 di molte iniziative, si spera di attrarre un pubblico vario e curioso, desideroso di scoprire, apprendere e immergersi nell\u2019affascinante mondo di Atalanta e Reni.<\/p>\n<p>&#8220;La favola di Atalanta. Guido Reni e i poeti&#8221; non \u00e8 solo una mostra, ma un&#8217;esperienza da vivere, un incontro tra la tela e la pagina scritta, dove ogni opera racconta una storia, ogni verso una visione, aprendo cos\u00ec le porte a un dialogo che attraversa i secoli per illuminare il presente.<\/p>\n<p>Prenota subito il tuo prossimo soggiorno a Bologna!<\/p>\n","protected":false},"excerpt":{"rendered":"<p>La Pinacoteca Nazionale di Bologna fino al 16 febbraio 2025 ospiter\u00e0 un evento di grande richiamo e rilevanza culturale: la mostra &#8220;La favola di Atalanta. Guido Reni e i poeti&#8221;. A cura di Giulia Iseppi, Raffaella Morselli e Maria Luisa Pacelli, questa mostra si colloca in un contesto di rinnovati studi sul maestro bolognese, un [&hellip;]<\/p>\n","protected":false},"author":3,"featured_media":3542,"comment_status":"open","ping_status":"closed","sticky":false,"template":"","format":"standard","meta":{"_acf_changed":false,"footnotes":""},"categories":[26],"tags":[],"class_list":["post-3541","post","type-post","status-publish","format-standard","has-post-thumbnail","hentry","category-bologna"],"acf":[],"yoast_head":"<!-- This site is optimized with the Yoast SEO plugin v27.3 - https:\/\/yoast.com\/product\/yoast-seo-wordpress\/ -->\n<title>Bologna: &quot;La favola di Atalanta. Guido Reni e i poeti&quot; alla Pinacoteca Nazionale - Hotel Astoria Bologna<\/title>\n<meta name=\"robots\" content=\"index, follow, max-snippet:-1, max-image-preview:large, max-video-preview:-1\" \/>\n<link rel=\"canonical\" href=\"https:\/\/astoria.bo.it\/it\/bologna-la-favola-di-atalanta-guido-reni-e-i-poeti-alla-pinacoteca-nazionale\/\" \/>\n<meta property=\"og:locale\" content=\"it_IT\" \/>\n<meta property=\"og:type\" content=\"article\" \/>\n<meta property=\"og:title\" content=\"Bologna: &quot;La favola di Atalanta. Guido Reni e i poeti&quot; alla Pinacoteca Nazionale - Hotel Astoria Bologna\" \/>\n<meta property=\"og:description\" content=\"La Pinacoteca Nazionale di Bologna fino al 16 febbraio 2025 ospiter\u00e0 un evento di grande richiamo e rilevanza culturale: la mostra &#8220;La favola di Atalanta. Guido Reni e i poeti&#8221;. A cura di Giulia Iseppi, Raffaella Morselli e Maria Luisa Pacelli, questa mostra si colloca in un contesto di rinnovati studi sul maestro bolognese, un [&hellip;]\" \/>\n<meta property=\"og:url\" content=\"https:\/\/astoria.bo.it\/it\/bologna-la-favola-di-atalanta-guido-reni-e-i-poeti-alla-pinacoteca-nazionale\/\" \/>\n<meta property=\"og:site_name\" content=\"Hotel Astoria Bologna\" \/>\n<meta property=\"article:published_time\" content=\"2024-12-11T15:24:55+00:00\" \/>\n<meta property=\"og:image\" content=\"https:\/\/astoria.bo.it\/wp-content\/uploads\/2024\/12\/articoli-astoria-bologna-11.jpeg\" \/>\n\t<meta property=\"og:image:width\" content=\"1200\" \/>\n\t<meta property=\"og:image:height\" content=\"768\" \/>\n\t<meta property=\"og:image:type\" content=\"image\/jpeg\" \/>\n<meta name=\"author\" content=\"Francesco Gemin\" \/>\n<meta name=\"twitter:card\" content=\"summary_large_image\" \/>\n<meta name=\"twitter:label1\" content=\"Scritto da\" \/>\n\t<meta name=\"twitter:data1\" content=\"Francesco Gemin\" \/>\n\t<meta name=\"twitter:label2\" content=\"Tempo di lettura stimato\" \/>\n\t<meta name=\"twitter:data2\" content=\"2 minuti\" \/>\n<script type=\"application\/ld+json\" class=\"yoast-schema-graph\">{\"@context\":\"https:\\\/\\\/schema.org\",\"@graph\":[{\"@type\":\"Article\",\"@id\":\"https:\\\/\\\/astoria.bo.it\\\/it\\\/bologna-la-favola-di-atalanta-guido-reni-e-i-poeti-alla-pinacoteca-nazionale\\\/#article\",\"isPartOf\":{\"@id\":\"https:\\\/\\\/astoria.bo.it\\\/it\\\/bologna-la-favola-di-atalanta-guido-reni-e-i-poeti-alla-pinacoteca-nazionale\\\/\"},\"author\":{\"name\":\"Francesco Gemin\",\"@id\":\"https:\\\/\\\/astoria.bo.it\\\/it\\\/#\\\/schema\\\/person\\\/8949b71bfa9def19232cff24cbc37123\"},\"headline\":\"Bologna: &#8220;La favola di Atalanta. Guido Reni e i poeti&#8221; alla Pinacoteca Nazionale\",\"datePublished\":\"2024-12-11T15:24:55+00:00\",\"mainEntityOfPage\":{\"@id\":\"https:\\\/\\\/astoria.bo.it\\\/it\\\/bologna-la-favola-di-atalanta-guido-reni-e-i-poeti-alla-pinacoteca-nazionale\\\/\"},\"wordCount\":453,\"commentCount\":0,\"publisher\":{\"@id\":\"https:\\\/\\\/astoria.bo.it\\\/it\\\/#organization\"},\"image\":{\"@id\":\"https:\\\/\\\/astoria.bo.it\\\/it\\\/bologna-la-favola-di-atalanta-guido-reni-e-i-poeti-alla-pinacoteca-nazionale\\\/#primaryimage\"},\"thumbnailUrl\":\"https:\\\/\\\/astoria.bo.it\\\/wp-content\\\/uploads\\\/2024\\\/12\\\/articoli-astoria-bologna-11.jpeg\",\"articleSection\":[\"Bologna\"],\"inLanguage\":\"it-IT\",\"potentialAction\":[{\"@type\":\"CommentAction\",\"name\":\"Comment\",\"target\":[\"https:\\\/\\\/astoria.bo.it\\\/it\\\/bologna-la-favola-di-atalanta-guido-reni-e-i-poeti-alla-pinacoteca-nazionale\\\/#respond\"]}]},{\"@type\":\"WebPage\",\"@id\":\"https:\\\/\\\/astoria.bo.it\\\/it\\\/bologna-la-favola-di-atalanta-guido-reni-e-i-poeti-alla-pinacoteca-nazionale\\\/\",\"url\":\"https:\\\/\\\/astoria.bo.it\\\/it\\\/bologna-la-favola-di-atalanta-guido-reni-e-i-poeti-alla-pinacoteca-nazionale\\\/\",\"name\":\"Bologna: \\\"La favola di Atalanta. Guido Reni e i poeti\\\" alla Pinacoteca Nazionale - Hotel Astoria Bologna\",\"isPartOf\":{\"@id\":\"https:\\\/\\\/astoria.bo.it\\\/it\\\/#website\"},\"primaryImageOfPage\":{\"@id\":\"https:\\\/\\\/astoria.bo.it\\\/it\\\/bologna-la-favola-di-atalanta-guido-reni-e-i-poeti-alla-pinacoteca-nazionale\\\/#primaryimage\"},\"image\":{\"@id\":\"https:\\\/\\\/astoria.bo.it\\\/it\\\/bologna-la-favola-di-atalanta-guido-reni-e-i-poeti-alla-pinacoteca-nazionale\\\/#primaryimage\"},\"thumbnailUrl\":\"https:\\\/\\\/astoria.bo.it\\\/wp-content\\\/uploads\\\/2024\\\/12\\\/articoli-astoria-bologna-11.jpeg\",\"datePublished\":\"2024-12-11T15:24:55+00:00\",\"breadcrumb\":{\"@id\":\"https:\\\/\\\/astoria.bo.it\\\/it\\\/bologna-la-favola-di-atalanta-guido-reni-e-i-poeti-alla-pinacoteca-nazionale\\\/#breadcrumb\"},\"inLanguage\":\"it-IT\",\"potentialAction\":[{\"@type\":\"ReadAction\",\"target\":[\"https:\\\/\\\/astoria.bo.it\\\/it\\\/bologna-la-favola-di-atalanta-guido-reni-e-i-poeti-alla-pinacoteca-nazionale\\\/\"]}]},{\"@type\":\"ImageObject\",\"inLanguage\":\"it-IT\",\"@id\":\"https:\\\/\\\/astoria.bo.it\\\/it\\\/bologna-la-favola-di-atalanta-guido-reni-e-i-poeti-alla-pinacoteca-nazionale\\\/#primaryimage\",\"url\":\"https:\\\/\\\/astoria.bo.it\\\/wp-content\\\/uploads\\\/2024\\\/12\\\/articoli-astoria-bologna-11.jpeg\",\"contentUrl\":\"https:\\\/\\\/astoria.bo.it\\\/wp-content\\\/uploads\\\/2024\\\/12\\\/articoli-astoria-bologna-11.jpeg\",\"width\":1200,\"height\":768},{\"@type\":\"BreadcrumbList\",\"@id\":\"https:\\\/\\\/astoria.bo.it\\\/it\\\/bologna-la-favola-di-atalanta-guido-reni-e-i-poeti-alla-pinacoteca-nazionale\\\/#breadcrumb\",\"itemListElement\":[{\"@type\":\"ListItem\",\"position\":1,\"name\":\"Home\",\"item\":\"https:\\\/\\\/astoria.bo.it\\\/it\\\/\"},{\"@type\":\"ListItem\",\"position\":2,\"name\":\"Bologna: &#8220;La favola di Atalanta. Guido Reni e i poeti&#8221; alla Pinacoteca Nazionale\"}]},{\"@type\":\"WebSite\",\"@id\":\"https:\\\/\\\/astoria.bo.it\\\/it\\\/#website\",\"url\":\"https:\\\/\\\/astoria.bo.it\\\/it\\\/\",\"name\":\"Hotel Astoria Bologna\",\"description\":\"\",\"publisher\":{\"@id\":\"https:\\\/\\\/astoria.bo.it\\\/it\\\/#organization\"},\"potentialAction\":[{\"@type\":\"SearchAction\",\"target\":{\"@type\":\"EntryPoint\",\"urlTemplate\":\"https:\\\/\\\/astoria.bo.it\\\/it\\\/?s={search_term_string}\"},\"query-input\":{\"@type\":\"PropertyValueSpecification\",\"valueRequired\":true,\"valueName\":\"search_term_string\"}}],\"inLanguage\":\"it-IT\"},{\"@type\":\"Organization\",\"@id\":\"https:\\\/\\\/astoria.bo.it\\\/it\\\/#organization\",\"name\":\"Hotel Astoria Bologna\",\"url\":\"https:\\\/\\\/astoria.bo.it\\\/it\\\/\",\"logo\":{\"@type\":\"ImageObject\",\"inLanguage\":\"it-IT\",\"@id\":\"https:\\\/\\\/astoria.bo.it\\\/it\\\/#\\\/schema\\\/logo\\\/image\\\/\",\"url\":\"https:\\\/\\\/astoria.bo.it\\\/wp-content\\\/uploads\\\/2024\\\/10\\\/logo-sito-header.webp\",\"contentUrl\":\"https:\\\/\\\/astoria.bo.it\\\/wp-content\\\/uploads\\\/2024\\\/10\\\/logo-sito-header.webp\",\"width\":165,\"height\":133,\"caption\":\"Hotel Astoria Bologna\"},\"image\":{\"@id\":\"https:\\\/\\\/astoria.bo.it\\\/it\\\/#\\\/schema\\\/logo\\\/image\\\/\"}},{\"@type\":\"Person\",\"@id\":\"https:\\\/\\\/astoria.bo.it\\\/it\\\/#\\\/schema\\\/person\\\/8949b71bfa9def19232cff24cbc37123\",\"name\":\"Francesco Gemin\",\"image\":{\"@type\":\"ImageObject\",\"inLanguage\":\"it-IT\",\"@id\":\"https:\\\/\\\/secure.gravatar.com\\\/avatar\\\/584fc071ed801cfc28472c1170c0f8b853d028daef4ab569382c91d3702b2174?s=96&d=mm&r=g\",\"url\":\"https:\\\/\\\/secure.gravatar.com\\\/avatar\\\/584fc071ed801cfc28472c1170c0f8b853d028daef4ab569382c91d3702b2174?s=96&d=mm&r=g\",\"contentUrl\":\"https:\\\/\\\/secure.gravatar.com\\\/avatar\\\/584fc071ed801cfc28472c1170c0f8b853d028daef4ab569382c91d3702b2174?s=96&d=mm&r=g\",\"caption\":\"Francesco Gemin\"},\"url\":\"https:\\\/\\\/astoria.bo.it\\\/it\\\/author\\\/franc_83kai\\\/\"}]}<\/script>\n<!-- \/ Yoast SEO plugin. -->","yoast_head_json":{"title":"Bologna: \"La favola di Atalanta. Guido Reni e i poeti\" alla Pinacoteca Nazionale - Hotel Astoria Bologna","robots":{"index":"index","follow":"follow","max-snippet":"max-snippet:-1","max-image-preview":"max-image-preview:large","max-video-preview":"max-video-preview:-1"},"canonical":"https:\/\/astoria.bo.it\/it\/bologna-la-favola-di-atalanta-guido-reni-e-i-poeti-alla-pinacoteca-nazionale\/","og_locale":"it_IT","og_type":"article","og_title":"Bologna: \"La favola di Atalanta. Guido Reni e i poeti\" alla Pinacoteca Nazionale - Hotel Astoria Bologna","og_description":"La Pinacoteca Nazionale di Bologna fino al 16 febbraio 2025 ospiter\u00e0 un evento di grande richiamo e rilevanza culturale: la mostra &#8220;La favola di Atalanta. Guido Reni e i poeti&#8221;. A cura di Giulia Iseppi, Raffaella Morselli e Maria Luisa Pacelli, questa mostra si colloca in un contesto di rinnovati studi sul maestro bolognese, un [&hellip;]","og_url":"https:\/\/astoria.bo.it\/it\/bologna-la-favola-di-atalanta-guido-reni-e-i-poeti-alla-pinacoteca-nazionale\/","og_site_name":"Hotel Astoria Bologna","article_published_time":"2024-12-11T15:24:55+00:00","og_image":[{"width":1200,"height":768,"url":"https:\/\/astoria.bo.it\/wp-content\/uploads\/2024\/12\/articoli-astoria-bologna-11.jpeg","type":"image\/jpeg"}],"author":"Francesco Gemin","twitter_card":"summary_large_image","twitter_misc":{"Scritto da":"Francesco Gemin","Tempo di lettura stimato":"2 minuti"},"schema":{"@context":"https:\/\/schema.org","@graph":[{"@type":"Article","@id":"https:\/\/astoria.bo.it\/it\/bologna-la-favola-di-atalanta-guido-reni-e-i-poeti-alla-pinacoteca-nazionale\/#article","isPartOf":{"@id":"https:\/\/astoria.bo.it\/it\/bologna-la-favola-di-atalanta-guido-reni-e-i-poeti-alla-pinacoteca-nazionale\/"},"author":{"name":"Francesco Gemin","@id":"https:\/\/astoria.bo.it\/it\/#\/schema\/person\/8949b71bfa9def19232cff24cbc37123"},"headline":"Bologna: &#8220;La favola di Atalanta. Guido Reni e i poeti&#8221; alla Pinacoteca Nazionale","datePublished":"2024-12-11T15:24:55+00:00","mainEntityOfPage":{"@id":"https:\/\/astoria.bo.it\/it\/bologna-la-favola-di-atalanta-guido-reni-e-i-poeti-alla-pinacoteca-nazionale\/"},"wordCount":453,"commentCount":0,"publisher":{"@id":"https:\/\/astoria.bo.it\/it\/#organization"},"image":{"@id":"https:\/\/astoria.bo.it\/it\/bologna-la-favola-di-atalanta-guido-reni-e-i-poeti-alla-pinacoteca-nazionale\/#primaryimage"},"thumbnailUrl":"https:\/\/astoria.bo.it\/wp-content\/uploads\/2024\/12\/articoli-astoria-bologna-11.jpeg","articleSection":["Bologna"],"inLanguage":"it-IT","potentialAction":[{"@type":"CommentAction","name":"Comment","target":["https:\/\/astoria.bo.it\/it\/bologna-la-favola-di-atalanta-guido-reni-e-i-poeti-alla-pinacoteca-nazionale\/#respond"]}]},{"@type":"WebPage","@id":"https:\/\/astoria.bo.it\/it\/bologna-la-favola-di-atalanta-guido-reni-e-i-poeti-alla-pinacoteca-nazionale\/","url":"https:\/\/astoria.bo.it\/it\/bologna-la-favola-di-atalanta-guido-reni-e-i-poeti-alla-pinacoteca-nazionale\/","name":"Bologna: \"La favola di Atalanta. Guido Reni e i poeti\" alla Pinacoteca Nazionale - Hotel Astoria Bologna","isPartOf":{"@id":"https:\/\/astoria.bo.it\/it\/#website"},"primaryImageOfPage":{"@id":"https:\/\/astoria.bo.it\/it\/bologna-la-favola-di-atalanta-guido-reni-e-i-poeti-alla-pinacoteca-nazionale\/#primaryimage"},"image":{"@id":"https:\/\/astoria.bo.it\/it\/bologna-la-favola-di-atalanta-guido-reni-e-i-poeti-alla-pinacoteca-nazionale\/#primaryimage"},"thumbnailUrl":"https:\/\/astoria.bo.it\/wp-content\/uploads\/2024\/12\/articoli-astoria-bologna-11.jpeg","datePublished":"2024-12-11T15:24:55+00:00","breadcrumb":{"@id":"https:\/\/astoria.bo.it\/it\/bologna-la-favola-di-atalanta-guido-reni-e-i-poeti-alla-pinacoteca-nazionale\/#breadcrumb"},"inLanguage":"it-IT","potentialAction":[{"@type":"ReadAction","target":["https:\/\/astoria.bo.it\/it\/bologna-la-favola-di-atalanta-guido-reni-e-i-poeti-alla-pinacoteca-nazionale\/"]}]},{"@type":"ImageObject","inLanguage":"it-IT","@id":"https:\/\/astoria.bo.it\/it\/bologna-la-favola-di-atalanta-guido-reni-e-i-poeti-alla-pinacoteca-nazionale\/#primaryimage","url":"https:\/\/astoria.bo.it\/wp-content\/uploads\/2024\/12\/articoli-astoria-bologna-11.jpeg","contentUrl":"https:\/\/astoria.bo.it\/wp-content\/uploads\/2024\/12\/articoli-astoria-bologna-11.jpeg","width":1200,"height":768},{"@type":"BreadcrumbList","@id":"https:\/\/astoria.bo.it\/it\/bologna-la-favola-di-atalanta-guido-reni-e-i-poeti-alla-pinacoteca-nazionale\/#breadcrumb","itemListElement":[{"@type":"ListItem","position":1,"name":"Home","item":"https:\/\/astoria.bo.it\/it\/"},{"@type":"ListItem","position":2,"name":"Bologna: &#8220;La favola di Atalanta. Guido Reni e i poeti&#8221; alla Pinacoteca Nazionale"}]},{"@type":"WebSite","@id":"https:\/\/astoria.bo.it\/it\/#website","url":"https:\/\/astoria.bo.it\/it\/","name":"Hotel Astoria Bologna","description":"","publisher":{"@id":"https:\/\/astoria.bo.it\/it\/#organization"},"potentialAction":[{"@type":"SearchAction","target":{"@type":"EntryPoint","urlTemplate":"https:\/\/astoria.bo.it\/it\/?s={search_term_string}"},"query-input":{"@type":"PropertyValueSpecification","valueRequired":true,"valueName":"search_term_string"}}],"inLanguage":"it-IT"},{"@type":"Organization","@id":"https:\/\/astoria.bo.it\/it\/#organization","name":"Hotel Astoria Bologna","url":"https:\/\/astoria.bo.it\/it\/","logo":{"@type":"ImageObject","inLanguage":"it-IT","@id":"https:\/\/astoria.bo.it\/it\/#\/schema\/logo\/image\/","url":"https:\/\/astoria.bo.it\/wp-content\/uploads\/2024\/10\/logo-sito-header.webp","contentUrl":"https:\/\/astoria.bo.it\/wp-content\/uploads\/2024\/10\/logo-sito-header.webp","width":165,"height":133,"caption":"Hotel Astoria Bologna"},"image":{"@id":"https:\/\/astoria.bo.it\/it\/#\/schema\/logo\/image\/"}},{"@type":"Person","@id":"https:\/\/astoria.bo.it\/it\/#\/schema\/person\/8949b71bfa9def19232cff24cbc37123","name":"Francesco Gemin","image":{"@type":"ImageObject","inLanguage":"it-IT","@id":"https:\/\/secure.gravatar.com\/avatar\/584fc071ed801cfc28472c1170c0f8b853d028daef4ab569382c91d3702b2174?s=96&d=mm&r=g","url":"https:\/\/secure.gravatar.com\/avatar\/584fc071ed801cfc28472c1170c0f8b853d028daef4ab569382c91d3702b2174?s=96&d=mm&r=g","contentUrl":"https:\/\/secure.gravatar.com\/avatar\/584fc071ed801cfc28472c1170c0f8b853d028daef4ab569382c91d3702b2174?s=96&d=mm&r=g","caption":"Francesco Gemin"},"url":"https:\/\/astoria.bo.it\/it\/author\/franc_83kai\/"}]}},"_links":{"self":[{"href":"https:\/\/astoria.bo.it\/it\/wp-json\/wp\/v2\/posts\/3541","targetHints":{"allow":["GET"]}}],"collection":[{"href":"https:\/\/astoria.bo.it\/it\/wp-json\/wp\/v2\/posts"}],"about":[{"href":"https:\/\/astoria.bo.it\/it\/wp-json\/wp\/v2\/types\/post"}],"author":[{"embeddable":true,"href":"https:\/\/astoria.bo.it\/it\/wp-json\/wp\/v2\/users\/3"}],"replies":[{"embeddable":true,"href":"https:\/\/astoria.bo.it\/it\/wp-json\/wp\/v2\/comments?post=3541"}],"version-history":[{"count":1,"href":"https:\/\/astoria.bo.it\/it\/wp-json\/wp\/v2\/posts\/3541\/revisions"}],"predecessor-version":[{"id":6852,"href":"https:\/\/astoria.bo.it\/it\/wp-json\/wp\/v2\/posts\/3541\/revisions\/6852"}],"wp:featuredmedia":[{"embeddable":true,"href":"https:\/\/astoria.bo.it\/it\/wp-json\/wp\/v2\/media\/3542"}],"wp:attachment":[{"href":"https:\/\/astoria.bo.it\/it\/wp-json\/wp\/v2\/media?parent=3541"}],"wp:term":[{"taxonomy":"category","embeddable":true,"href":"https:\/\/astoria.bo.it\/it\/wp-json\/wp\/v2\/categories?post=3541"},{"taxonomy":"post_tag","embeddable":true,"href":"https:\/\/astoria.bo.it\/it\/wp-json\/wp\/v2\/tags?post=3541"}],"curies":[{"name":"wp","href":"https:\/\/api.w.org\/{rel}","templated":true}]}}