{"id":3537,"date":"2024-12-11T16:19:03","date_gmt":"2024-12-11T15:19:03","guid":{"rendered":"https:\/\/www.astoria.bo.it\/?p=3537"},"modified":"2025-02-14T09:02:59","modified_gmt":"2025-02-14T08:02:59","slug":"feste-natalizie-e-capodanno-a-bologna-tutti-gli-eventi","status":"publish","type":"post","link":"https:\/\/astoria.bo.it\/it\/feste-natalizie-e-capodanno-a-bologna-tutti-gli-eventi\/","title":{"rendered":"Feste natalizie e Capodanno a Bologna: tutti gli eventi"},"content":{"rendered":"<p>Quando si avvicina il Natale, Bologna si trasforma in un luogo magico, scintillante di luci e addobbi. Passeggiando per piazze e strade il naso \u00e8 pervaso dai profumi dolci di torrone o croccante alle mandorle, che ricordano l&#8217;infanzia. Sei pronto a farti coinvolgere? Questa atmosfera di festa viene infatti alimentata dalle tradizionali bancarelle dei mercatini, dove alberi di Natale, statuine e articoli artigianali si mescolano a prelibatezze culinarie come il vin brul\u00e8 e altri prodotti tipici. Scopri quali sono tutti gli appuntamenti delle festivit\u00e0 natalizie.<\/p>\n<h3><strong>Fiera di Santa Lucia<\/strong><\/h3>\n<p>Tra i mercatini che non possono assolutamente mancare nella tua visita a Bologna, spicca la storica Fiera di Santa Lucia, che si tiene sotto il suggestivo portico della Chiesa dei Servi, uno dei gioielli architettonici tutelati dall&#8217;UNESCO. Quest\u2019anno la fiera\u00a0<strong>apre i battenti il 22 novembre\u00a0<\/strong>e tutti i visitatori potranno perdersi tra le bancarelle stracolme di articoli per il Presepe, dolci natalizi e altre sorprese.<\/p>\n<h3><strong>Fiera di Natale in via Altabella<\/strong><\/h3>\n<p>A pochi minuti da Piazza Maggiore si tiene la Fiera di Natale in via Altabella, un classico appuntamento delle festivit\u00e0 bolognesi.\u00a0<strong>Dal 22 novembre fino al 6 gennaio<\/strong>, in questa fiera troverai bigiotteria, dolciumi e idee regalo. Il mercatino si svolge di fianco alla Cattedrale di San Pietro.<\/p>\n<h3><strong>Fiera dell&#8217;Antiquariato<\/strong><\/h3>\n<p>Non c\u2019\u00e8 Natale che si rispetti senza una visita alla Fiera dell\u2019Antiquariato, che avr\u00e0 luogo <strong>dal 12 al 24 dicembre<\/strong>\u00a0sotto il Voltone del Podest\u00e0. Qui le bancarelle offrono pezzi unici che spaziano da oggetti d\u2019epoca a curiosit\u00e0 artistiche. \u00c8 il luogo perfetto per chi cerca regali originali e da collezione.<\/p>\n<h3><strong>Natale a Porta Galliera<br \/>\n<\/strong><\/h3>\n<p>Situato in prossimit\u00e0 delle stazioni ferroviarie e dei bus, il Natale a Porta Galliera accoglie tutti i viaggiatori e i bolognesi\u00a0<strong>dal 18 novembre al 9 gennaio<\/strong>. Qui, tra allegre bancarelle e stand gastronomici, potrai gustare sapori tipici e vivere l&#8217;atmosfera magica del Natale bolognese.<\/p>\n<h3><strong>Armadio Circolare<br \/>\n<\/strong><\/h3>\n<p>Per chi \u00e8 alla ricerca di regali unici e creativi, l\u2019Armadio Circolare &#8220;Christmas edition&#8221; si propone come una vera e propria miniera di tesori vintage. Questo mercatino, che svolger\u00e0 in Piazza Lucio Dalla\u00a0<strong>il 14 e 15 dicembre<\/strong>, offre la possibilit\u00e0 di scoprire articoli realizzati da artigiani locali e acquistare piccole creazioni artistiche. Sar\u00e0 un modo per valorizzare la creativit\u00e0 e sostenere l\u2019artigianato.<\/p>\n<h3><strong>Mercatini di Natale solidale<br \/>\n<\/strong><\/h3>\n<p>La solidariet\u00e0 trova spazio anche durante le festivit\u00e0, con mercatini che offrono la possibilit\u00e0 di contribuire a importanti cause.\u00a0<strong>Dal 24 novembre al 6 gennaio<\/strong>, nel chiostro della Basilica di San Francesco, si tiene un mercatino solidale il cui ricavato sar\u00e0 destinato a sostenere le strutture della basilica e l\u2019Ordine dei francescani. \u00c8 una bella opportunit\u00e0 per unire l\u2019atto dell\u2019acquisto a uno spirito di generosit\u00e0, rendendo il Natale ancora pi\u00f9 significativo.<\/p>\n<h3><strong>Capodanno a Bologna<br \/>\n<\/strong><\/h3>\n<p>Quando il Natale volge al termine, Bologna si prepara a salutare il nuovo anno. In Piazza Maggiore, come da tradizione, il Vecchione viene dato alle fiamme allo scoccare della mezzanotte, simbolizzando la liberazione dal vecchio anno e l\u2019accoglienza di quello nuovo. Questa tradizione, che risale al 1993, regala emozioni intense e profonde, mentre un djset trascina tutti verso il nuovo anno con gioia e festa.<\/p>\n<h3><strong>Teatri e concerti di Capodanno<br \/>\n<\/strong><\/h3>\n<p>Oltre alle celebrazioni in piazza, Bologna offre una vasta scelta di eventi teatrali e concerti per il Capodanno. Dai musical ai concerti classici, la citt\u00e0 si prepara a far scintillare la sua scena culturale. Potrai scegliere tra spettacoli come &#8220;La strana coppia&#8221; al Teatro Celebrazioni, il balletto &#8220;Il Ballo&#8221; all&#8217;Arena del Sole, e molte altre proposte, che rendono omaggio alla ricca tradizione artistica bolognese, accogliendo il nuovo anno con una festa per tutti i sensi.<\/p>\n<p>Preparati alle festivit\u00e0, Bologna e l&#8217;Hotel Astoria Bologna ti aspettano a braccia aperte!<\/p>\n","protected":false},"excerpt":{"rendered":"<p>Quando si avvicina il Natale, Bologna si trasforma in un luogo magico, scintillante di luci e addobbi. Passeggiando per piazze e strade il naso \u00e8 pervaso dai profumi dolci di torrone o croccante alle mandorle, che ricordano l&#8217;infanzia. Sei pronto a farti coinvolgere? Questa atmosfera di festa viene infatti alimentata dalle tradizionali bancarelle dei mercatini, [&hellip;]<\/p>\n","protected":false},"author":3,"featured_media":3538,"comment_status":"open","ping_status":"closed","sticky":false,"template":"","format":"standard","meta":{"_acf_changed":false,"footnotes":""},"categories":[26],"tags":[],"class_list":["post-3537","post","type-post","status-publish","format-standard","has-post-thumbnail","hentry","category-bologna"],"acf":[],"yoast_head":"<!-- This site is optimized with the Yoast SEO plugin v27.3 - https:\/\/yoast.com\/product\/yoast-seo-wordpress\/ -->\n<title>Feste natalizie e Capodanno a Bologna: tutti gli eventi - Hotel Astoria Bologna<\/title>\n<meta name=\"robots\" content=\"index, follow, max-snippet:-1, max-image-preview:large, max-video-preview:-1\" \/>\n<link rel=\"canonical\" href=\"https:\/\/astoria.bo.it\/it\/feste-natalizie-e-capodanno-a-bologna-tutti-gli-eventi\/\" \/>\n<meta property=\"og:locale\" content=\"it_IT\" \/>\n<meta property=\"og:type\" content=\"article\" \/>\n<meta property=\"og:title\" content=\"Feste natalizie e Capodanno a Bologna: tutti gli eventi - Hotel Astoria Bologna\" \/>\n<meta property=\"og:description\" content=\"Quando si avvicina il Natale, Bologna si trasforma in un luogo magico, scintillante di luci e addobbi. Passeggiando per piazze e strade il naso \u00e8 pervaso dai profumi dolci di torrone o croccante alle mandorle, che ricordano l&#8217;infanzia. Sei pronto a farti coinvolgere? Questa atmosfera di festa viene infatti alimentata dalle tradizionali bancarelle dei mercatini, [&hellip;]\" \/>\n<meta property=\"og:url\" content=\"https:\/\/astoria.bo.it\/it\/feste-natalizie-e-capodanno-a-bologna-tutti-gli-eventi\/\" \/>\n<meta property=\"og:site_name\" content=\"Hotel Astoria Bologna\" \/>\n<meta property=\"article:published_time\" content=\"2024-12-11T15:19:03+00:00\" \/>\n<meta property=\"article:modified_time\" content=\"2025-02-14T08:02:59+00:00\" \/>\n<meta property=\"og:image\" content=\"https:\/\/astoria.bo.it\/wp-content\/uploads\/2024\/12\/articoli-astoria-bologna-10.jpeg\" \/>\n\t<meta property=\"og:image:width\" content=\"1200\" \/>\n\t<meta property=\"og:image:height\" content=\"768\" \/>\n\t<meta property=\"og:image:type\" content=\"image\/jpeg\" \/>\n<meta name=\"author\" content=\"Francesco Gemin\" \/>\n<meta name=\"twitter:card\" content=\"summary_large_image\" \/>\n<meta name=\"twitter:label1\" content=\"Scritto da\" \/>\n\t<meta name=\"twitter:data1\" content=\"Francesco Gemin\" \/>\n\t<meta name=\"twitter:label2\" content=\"Tempo di lettura stimato\" \/>\n\t<meta name=\"twitter:data2\" content=\"4 minuti\" \/>\n<script type=\"application\/ld+json\" class=\"yoast-schema-graph\">{\"@context\":\"https:\\\/\\\/schema.org\",\"@graph\":[{\"@type\":\"Article\",\"@id\":\"https:\\\/\\\/astoria.bo.it\\\/it\\\/feste-natalizie-e-capodanno-a-bologna-tutti-gli-eventi\\\/#article\",\"isPartOf\":{\"@id\":\"https:\\\/\\\/astoria.bo.it\\\/it\\\/feste-natalizie-e-capodanno-a-bologna-tutti-gli-eventi\\\/\"},\"author\":{\"name\":\"Francesco Gemin\",\"@id\":\"https:\\\/\\\/astoria.bo.it\\\/it\\\/#\\\/schema\\\/person\\\/8949b71bfa9def19232cff24cbc37123\"},\"headline\":\"Feste natalizie e Capodanno a Bologna: tutti gli eventi\",\"datePublished\":\"2024-12-11T15:19:03+00:00\",\"dateModified\":\"2025-02-14T08:02:59+00:00\",\"mainEntityOfPage\":{\"@id\":\"https:\\\/\\\/astoria.bo.it\\\/it\\\/feste-natalizie-e-capodanno-a-bologna-tutti-gli-eventi\\\/\"},\"wordCount\":620,\"commentCount\":0,\"publisher\":{\"@id\":\"https:\\\/\\\/astoria.bo.it\\\/it\\\/#organization\"},\"image\":{\"@id\":\"https:\\\/\\\/astoria.bo.it\\\/it\\\/feste-natalizie-e-capodanno-a-bologna-tutti-gli-eventi\\\/#primaryimage\"},\"thumbnailUrl\":\"https:\\\/\\\/astoria.bo.it\\\/wp-content\\\/uploads\\\/2024\\\/12\\\/articoli-astoria-bologna-10.jpeg\",\"articleSection\":[\"Bologna\"],\"inLanguage\":\"it-IT\",\"potentialAction\":[{\"@type\":\"CommentAction\",\"name\":\"Comment\",\"target\":[\"https:\\\/\\\/astoria.bo.it\\\/it\\\/feste-natalizie-e-capodanno-a-bologna-tutti-gli-eventi\\\/#respond\"]}]},{\"@type\":\"WebPage\",\"@id\":\"https:\\\/\\\/astoria.bo.it\\\/it\\\/feste-natalizie-e-capodanno-a-bologna-tutti-gli-eventi\\\/\",\"url\":\"https:\\\/\\\/astoria.bo.it\\\/it\\\/feste-natalizie-e-capodanno-a-bologna-tutti-gli-eventi\\\/\",\"name\":\"Feste natalizie e Capodanno a Bologna: tutti gli eventi - Hotel Astoria Bologna\",\"isPartOf\":{\"@id\":\"https:\\\/\\\/astoria.bo.it\\\/it\\\/#website\"},\"primaryImageOfPage\":{\"@id\":\"https:\\\/\\\/astoria.bo.it\\\/it\\\/feste-natalizie-e-capodanno-a-bologna-tutti-gli-eventi\\\/#primaryimage\"},\"image\":{\"@id\":\"https:\\\/\\\/astoria.bo.it\\\/it\\\/feste-natalizie-e-capodanno-a-bologna-tutti-gli-eventi\\\/#primaryimage\"},\"thumbnailUrl\":\"https:\\\/\\\/astoria.bo.it\\\/wp-content\\\/uploads\\\/2024\\\/12\\\/articoli-astoria-bologna-10.jpeg\",\"datePublished\":\"2024-12-11T15:19:03+00:00\",\"dateModified\":\"2025-02-14T08:02:59+00:00\",\"breadcrumb\":{\"@id\":\"https:\\\/\\\/astoria.bo.it\\\/it\\\/feste-natalizie-e-capodanno-a-bologna-tutti-gli-eventi\\\/#breadcrumb\"},\"inLanguage\":\"it-IT\",\"potentialAction\":[{\"@type\":\"ReadAction\",\"target\":[\"https:\\\/\\\/astoria.bo.it\\\/it\\\/feste-natalizie-e-capodanno-a-bologna-tutti-gli-eventi\\\/\"]}]},{\"@type\":\"ImageObject\",\"inLanguage\":\"it-IT\",\"@id\":\"https:\\\/\\\/astoria.bo.it\\\/it\\\/feste-natalizie-e-capodanno-a-bologna-tutti-gli-eventi\\\/#primaryimage\",\"url\":\"https:\\\/\\\/astoria.bo.it\\\/wp-content\\\/uploads\\\/2024\\\/12\\\/articoli-astoria-bologna-10.jpeg\",\"contentUrl\":\"https:\\\/\\\/astoria.bo.it\\\/wp-content\\\/uploads\\\/2024\\\/12\\\/articoli-astoria-bologna-10.jpeg\",\"width\":1200,\"height\":768},{\"@type\":\"BreadcrumbList\",\"@id\":\"https:\\\/\\\/astoria.bo.it\\\/it\\\/feste-natalizie-e-capodanno-a-bologna-tutti-gli-eventi\\\/#breadcrumb\",\"itemListElement\":[{\"@type\":\"ListItem\",\"position\":1,\"name\":\"Home\",\"item\":\"https:\\\/\\\/astoria.bo.it\\\/it\\\/\"},{\"@type\":\"ListItem\",\"position\":2,\"name\":\"Feste natalizie e Capodanno a Bologna: tutti gli eventi\"}]},{\"@type\":\"WebSite\",\"@id\":\"https:\\\/\\\/astoria.bo.it\\\/it\\\/#website\",\"url\":\"https:\\\/\\\/astoria.bo.it\\\/it\\\/\",\"name\":\"Hotel Astoria Bologna\",\"description\":\"\",\"publisher\":{\"@id\":\"https:\\\/\\\/astoria.bo.it\\\/it\\\/#organization\"},\"potentialAction\":[{\"@type\":\"SearchAction\",\"target\":{\"@type\":\"EntryPoint\",\"urlTemplate\":\"https:\\\/\\\/astoria.bo.it\\\/it\\\/?s={search_term_string}\"},\"query-input\":{\"@type\":\"PropertyValueSpecification\",\"valueRequired\":true,\"valueName\":\"search_term_string\"}}],\"inLanguage\":\"it-IT\"},{\"@type\":\"Organization\",\"@id\":\"https:\\\/\\\/astoria.bo.it\\\/it\\\/#organization\",\"name\":\"Hotel Astoria Bologna\",\"url\":\"https:\\\/\\\/astoria.bo.it\\\/it\\\/\",\"logo\":{\"@type\":\"ImageObject\",\"inLanguage\":\"it-IT\",\"@id\":\"https:\\\/\\\/astoria.bo.it\\\/it\\\/#\\\/schema\\\/logo\\\/image\\\/\",\"url\":\"https:\\\/\\\/astoria.bo.it\\\/wp-content\\\/uploads\\\/2024\\\/10\\\/logo-sito-header.webp\",\"contentUrl\":\"https:\\\/\\\/astoria.bo.it\\\/wp-content\\\/uploads\\\/2024\\\/10\\\/logo-sito-header.webp\",\"width\":165,\"height\":133,\"caption\":\"Hotel Astoria Bologna\"},\"image\":{\"@id\":\"https:\\\/\\\/astoria.bo.it\\\/it\\\/#\\\/schema\\\/logo\\\/image\\\/\"}},{\"@type\":\"Person\",\"@id\":\"https:\\\/\\\/astoria.bo.it\\\/it\\\/#\\\/schema\\\/person\\\/8949b71bfa9def19232cff24cbc37123\",\"name\":\"Francesco Gemin\",\"image\":{\"@type\":\"ImageObject\",\"inLanguage\":\"it-IT\",\"@id\":\"https:\\\/\\\/secure.gravatar.com\\\/avatar\\\/584fc071ed801cfc28472c1170c0f8b853d028daef4ab569382c91d3702b2174?s=96&d=mm&r=g\",\"url\":\"https:\\\/\\\/secure.gravatar.com\\\/avatar\\\/584fc071ed801cfc28472c1170c0f8b853d028daef4ab569382c91d3702b2174?s=96&d=mm&r=g\",\"contentUrl\":\"https:\\\/\\\/secure.gravatar.com\\\/avatar\\\/584fc071ed801cfc28472c1170c0f8b853d028daef4ab569382c91d3702b2174?s=96&d=mm&r=g\",\"caption\":\"Francesco Gemin\"},\"url\":\"https:\\\/\\\/astoria.bo.it\\\/it\\\/author\\\/franc_83kai\\\/\"}]}<\/script>\n<!-- \/ Yoast SEO plugin. -->","yoast_head_json":{"title":"Feste natalizie e Capodanno a Bologna: tutti gli eventi - Hotel Astoria Bologna","robots":{"index":"index","follow":"follow","max-snippet":"max-snippet:-1","max-image-preview":"max-image-preview:large","max-video-preview":"max-video-preview:-1"},"canonical":"https:\/\/astoria.bo.it\/it\/feste-natalizie-e-capodanno-a-bologna-tutti-gli-eventi\/","og_locale":"it_IT","og_type":"article","og_title":"Feste natalizie e Capodanno a Bologna: tutti gli eventi - Hotel Astoria Bologna","og_description":"Quando si avvicina il Natale, Bologna si trasforma in un luogo magico, scintillante di luci e addobbi. Passeggiando per piazze e strade il naso \u00e8 pervaso dai profumi dolci di torrone o croccante alle mandorle, che ricordano l&#8217;infanzia. Sei pronto a farti coinvolgere? Questa atmosfera di festa viene infatti alimentata dalle tradizionali bancarelle dei mercatini, [&hellip;]","og_url":"https:\/\/astoria.bo.it\/it\/feste-natalizie-e-capodanno-a-bologna-tutti-gli-eventi\/","og_site_name":"Hotel Astoria Bologna","article_published_time":"2024-12-11T15:19:03+00:00","article_modified_time":"2025-02-14T08:02:59+00:00","og_image":[{"width":1200,"height":768,"url":"https:\/\/astoria.bo.it\/wp-content\/uploads\/2024\/12\/articoli-astoria-bologna-10.jpeg","type":"image\/jpeg"}],"author":"Francesco Gemin","twitter_card":"summary_large_image","twitter_misc":{"Scritto da":"Francesco Gemin","Tempo di lettura stimato":"4 minuti"},"schema":{"@context":"https:\/\/schema.org","@graph":[{"@type":"Article","@id":"https:\/\/astoria.bo.it\/it\/feste-natalizie-e-capodanno-a-bologna-tutti-gli-eventi\/#article","isPartOf":{"@id":"https:\/\/astoria.bo.it\/it\/feste-natalizie-e-capodanno-a-bologna-tutti-gli-eventi\/"},"author":{"name":"Francesco Gemin","@id":"https:\/\/astoria.bo.it\/it\/#\/schema\/person\/8949b71bfa9def19232cff24cbc37123"},"headline":"Feste natalizie e Capodanno a Bologna: tutti gli eventi","datePublished":"2024-12-11T15:19:03+00:00","dateModified":"2025-02-14T08:02:59+00:00","mainEntityOfPage":{"@id":"https:\/\/astoria.bo.it\/it\/feste-natalizie-e-capodanno-a-bologna-tutti-gli-eventi\/"},"wordCount":620,"commentCount":0,"publisher":{"@id":"https:\/\/astoria.bo.it\/it\/#organization"},"image":{"@id":"https:\/\/astoria.bo.it\/it\/feste-natalizie-e-capodanno-a-bologna-tutti-gli-eventi\/#primaryimage"},"thumbnailUrl":"https:\/\/astoria.bo.it\/wp-content\/uploads\/2024\/12\/articoli-astoria-bologna-10.jpeg","articleSection":["Bologna"],"inLanguage":"it-IT","potentialAction":[{"@type":"CommentAction","name":"Comment","target":["https:\/\/astoria.bo.it\/it\/feste-natalizie-e-capodanno-a-bologna-tutti-gli-eventi\/#respond"]}]},{"@type":"WebPage","@id":"https:\/\/astoria.bo.it\/it\/feste-natalizie-e-capodanno-a-bologna-tutti-gli-eventi\/","url":"https:\/\/astoria.bo.it\/it\/feste-natalizie-e-capodanno-a-bologna-tutti-gli-eventi\/","name":"Feste natalizie e Capodanno a Bologna: tutti gli eventi - Hotel Astoria Bologna","isPartOf":{"@id":"https:\/\/astoria.bo.it\/it\/#website"},"primaryImageOfPage":{"@id":"https:\/\/astoria.bo.it\/it\/feste-natalizie-e-capodanno-a-bologna-tutti-gli-eventi\/#primaryimage"},"image":{"@id":"https:\/\/astoria.bo.it\/it\/feste-natalizie-e-capodanno-a-bologna-tutti-gli-eventi\/#primaryimage"},"thumbnailUrl":"https:\/\/astoria.bo.it\/wp-content\/uploads\/2024\/12\/articoli-astoria-bologna-10.jpeg","datePublished":"2024-12-11T15:19:03+00:00","dateModified":"2025-02-14T08:02:59+00:00","breadcrumb":{"@id":"https:\/\/astoria.bo.it\/it\/feste-natalizie-e-capodanno-a-bologna-tutti-gli-eventi\/#breadcrumb"},"inLanguage":"it-IT","potentialAction":[{"@type":"ReadAction","target":["https:\/\/astoria.bo.it\/it\/feste-natalizie-e-capodanno-a-bologna-tutti-gli-eventi\/"]}]},{"@type":"ImageObject","inLanguage":"it-IT","@id":"https:\/\/astoria.bo.it\/it\/feste-natalizie-e-capodanno-a-bologna-tutti-gli-eventi\/#primaryimage","url":"https:\/\/astoria.bo.it\/wp-content\/uploads\/2024\/12\/articoli-astoria-bologna-10.jpeg","contentUrl":"https:\/\/astoria.bo.it\/wp-content\/uploads\/2024\/12\/articoli-astoria-bologna-10.jpeg","width":1200,"height":768},{"@type":"BreadcrumbList","@id":"https:\/\/astoria.bo.it\/it\/feste-natalizie-e-capodanno-a-bologna-tutti-gli-eventi\/#breadcrumb","itemListElement":[{"@type":"ListItem","position":1,"name":"Home","item":"https:\/\/astoria.bo.it\/it\/"},{"@type":"ListItem","position":2,"name":"Feste natalizie e Capodanno a Bologna: tutti gli eventi"}]},{"@type":"WebSite","@id":"https:\/\/astoria.bo.it\/it\/#website","url":"https:\/\/astoria.bo.it\/it\/","name":"Hotel Astoria Bologna","description":"","publisher":{"@id":"https:\/\/astoria.bo.it\/it\/#organization"},"potentialAction":[{"@type":"SearchAction","target":{"@type":"EntryPoint","urlTemplate":"https:\/\/astoria.bo.it\/it\/?s={search_term_string}"},"query-input":{"@type":"PropertyValueSpecification","valueRequired":true,"valueName":"search_term_string"}}],"inLanguage":"it-IT"},{"@type":"Organization","@id":"https:\/\/astoria.bo.it\/it\/#organization","name":"Hotel Astoria Bologna","url":"https:\/\/astoria.bo.it\/it\/","logo":{"@type":"ImageObject","inLanguage":"it-IT","@id":"https:\/\/astoria.bo.it\/it\/#\/schema\/logo\/image\/","url":"https:\/\/astoria.bo.it\/wp-content\/uploads\/2024\/10\/logo-sito-header.webp","contentUrl":"https:\/\/astoria.bo.it\/wp-content\/uploads\/2024\/10\/logo-sito-header.webp","width":165,"height":133,"caption":"Hotel Astoria Bologna"},"image":{"@id":"https:\/\/astoria.bo.it\/it\/#\/schema\/logo\/image\/"}},{"@type":"Person","@id":"https:\/\/astoria.bo.it\/it\/#\/schema\/person\/8949b71bfa9def19232cff24cbc37123","name":"Francesco Gemin","image":{"@type":"ImageObject","inLanguage":"it-IT","@id":"https:\/\/secure.gravatar.com\/avatar\/584fc071ed801cfc28472c1170c0f8b853d028daef4ab569382c91d3702b2174?s=96&d=mm&r=g","url":"https:\/\/secure.gravatar.com\/avatar\/584fc071ed801cfc28472c1170c0f8b853d028daef4ab569382c91d3702b2174?s=96&d=mm&r=g","contentUrl":"https:\/\/secure.gravatar.com\/avatar\/584fc071ed801cfc28472c1170c0f8b853d028daef4ab569382c91d3702b2174?s=96&d=mm&r=g","caption":"Francesco Gemin"},"url":"https:\/\/astoria.bo.it\/it\/author\/franc_83kai\/"}]}},"_links":{"self":[{"href":"https:\/\/astoria.bo.it\/it\/wp-json\/wp\/v2\/posts\/3537","targetHints":{"allow":["GET"]}}],"collection":[{"href":"https:\/\/astoria.bo.it\/it\/wp-json\/wp\/v2\/posts"}],"about":[{"href":"https:\/\/astoria.bo.it\/it\/wp-json\/wp\/v2\/types\/post"}],"author":[{"embeddable":true,"href":"https:\/\/astoria.bo.it\/it\/wp-json\/wp\/v2\/users\/3"}],"replies":[{"embeddable":true,"href":"https:\/\/astoria.bo.it\/it\/wp-json\/wp\/v2\/comments?post=3537"}],"version-history":[{"count":0,"href":"https:\/\/astoria.bo.it\/it\/wp-json\/wp\/v2\/posts\/3537\/revisions"}],"wp:featuredmedia":[{"embeddable":true,"href":"https:\/\/astoria.bo.it\/it\/wp-json\/wp\/v2\/media\/3538"}],"wp:attachment":[{"href":"https:\/\/astoria.bo.it\/it\/wp-json\/wp\/v2\/media?parent=3537"}],"wp:term":[{"taxonomy":"category","embeddable":true,"href":"https:\/\/astoria.bo.it\/it\/wp-json\/wp\/v2\/categories?post=3537"},{"taxonomy":"post_tag","embeddable":true,"href":"https:\/\/astoria.bo.it\/it\/wp-json\/wp\/v2\/tags?post=3537"}],"curies":[{"name":"wp","href":"https:\/\/api.w.org\/{rel}","templated":true}]}}