{"id":3532,"date":"2024-11-22T15:47:54","date_gmt":"2024-11-22T14:47:54","guid":{"rendered":"https:\/\/www.astoria.bo.it\/?p=3532"},"modified":"2024-11-22T15:47:54","modified_gmt":"2024-11-22T14:47:54","slug":"la-grande-fotografia-in-mostra-a-bologna-tre-mostre-da-vedere","status":"publish","type":"post","link":"https:\/\/astoria.bo.it\/it\/la-grande-fotografia-in-mostra-a-bologna-tre-mostre-da-vedere\/","title":{"rendered":"La grande fotografia in mostra a Bologna: tre mostre da vedere"},"content":{"rendered":"<p>Bologna \u00e8 una delle citt\u00e0 pi\u00f9 vivaci in Italia per eventi culturali e artistici. Oggi vogliamo portarti alla scoperta di\u00a0<strong>tre mostre di fotografia<\/strong>\u00a0che, come un viaggio nei ricordi e nelle emozioni, ti faranno riflettere e sognare. Che tu sia un appassionato, un curioso o semplicemente alla ricerca di una attivit\u00e0 piacevole per il fine settimana, questi appuntamenti sono davvero imperdibili.<\/p>\n<p><strong>Tina Modotti a Palazzo Pallavicini<br \/>\nFino al 16 febbraio<\/strong>\u00a0\u00e8 possibile visitare la mostra dedicata a\u00a0<strong>Tina Modotti<\/strong>, presso\u00a0<strong>Palazzo Pallavicini<\/strong>. Questa grande retrospettiva sull&#8217;icona della fotografia e attivista politica \u00e8 un grande racconto visivo di un&#8217;epoca, che va dagli anni Venti ai Trenta del secolo scorso, quando l&#8217;artista si trovava in Messico, circondata da rivoluzionari.<br \/>\nModotti, un\u2019artista poliedrica, ha saputo catturare non solo immagini, ma anche l\u2019essenza del suo tempo.<br \/>\nLe sue foto, cariche di emozione, raccontano storie di vita quotidiana, spesso con uno sguardo critico sul mondo che la circondava. Con la sua camera, Tina Modotti ha saputo immortalare volti, luoghi e stati d\u2019animo, rendendo ogni scatto un capolavoro.<br \/>\nGrazie a questa mostra potrai scoprire la vita di questa straordinaria donna e la sua visione artistica, e comprendere come la fotografia possa essere non solo un\u2019arte, ma una vera e propria denuncia sociale.<\/p>\n<p><strong>Martin Parr e la Mostra &#8220;Short &amp; Sweet&#8221;<br \/>\n<\/strong>Scendiamo dalla dimensione storica di Tina Modotti per entrare nel mondo contemporaneo con la\u00a0<strong>mostra &#8220;Short &amp; Sweet&#8221; di Martin Parr<\/strong>, presso il\u00a0<strong>Museo Civico Archeologico<\/strong>. Il fotografo britannico, famoso per il suo stile ironico e per la sua critica sociale, ci offre uno sguardo originale sulla vita quotidiana. La mostra, che sar\u00e0 visitabile\u00a0<strong>fino al 6 gennaio 2025<\/strong>, invita i visitatori a riflettere su scene di vita comune, catturate con un occhio attento e provocatorio.<br \/>\nParr riesce a trasformare la banalit\u00e0 in arte e le sue immagini, spesso esagerate, mettono in luce le contraddizioni che caratterizzano il nostro modo di vivere. Dai turisti in spiagge affollate a momenti familiari quotidiani, ogni fotografia ci strappa un sorriso, una risata o una riflessione.<\/p>\n<p><strong>World Press Photo alla Galleria Modernissimo<br \/>\n<\/strong>Presso la\u00a0<strong>Galleria Modernissimo<\/strong>\u00a0si potranno invece ammirare alcuni degli scatti del\u00a0<strong>World Press Photo<\/strong>, uno dei pi\u00f9 importanti concorsi di fotogiornalismo al mondo. Questa mostra \u00e8 un\u2019occasione straordinaria per vedere come la fotografia possa raccontare storie, denunciare ingiustizie e documentare eventi che segnano la nostra epoca. Le immagini presentate alla mostra sono state selezionate da una delle pi\u00f9 prestigiose competizioni fotografiche del mondo e offrono una visione potente e, a volte, straziante della realt\u00e0. Potrai visitarla fino all&#8217;8 dicembre.<\/p>\n<p>In questa stagione Bologna \u00e8, pi\u00f9 che mai, il paradiso per gli amanti della fotografia. Non perdere queste mostre, ti aspettiamo all&#8217;Hotel Astoria Bologna!<\/p>\n","protected":false},"excerpt":{"rendered":"<p>Bologna \u00e8 una delle citt\u00e0 pi\u00f9 vivaci in Italia per eventi culturali e artistici. Oggi vogliamo portarti alla scoperta di\u00a0tre mostre di fotografia\u00a0che, come un viaggio nei ricordi e nelle emozioni, ti faranno riflettere e sognare. Che tu sia un appassionato, un curioso o semplicemente alla ricerca di una attivit\u00e0 piacevole per il fine settimana, [&hellip;]<\/p>\n","protected":false},"author":3,"featured_media":3533,"comment_status":"open","ping_status":"closed","sticky":false,"template":"","format":"standard","meta":{"_acf_changed":false,"footnotes":""},"categories":[26],"tags":[],"class_list":["post-3532","post","type-post","status-publish","format-standard","has-post-thumbnail","hentry","category-bologna"],"acf":[],"yoast_head":"<!-- This site is optimized with the Yoast SEO plugin v27.3 - https:\/\/yoast.com\/product\/yoast-seo-wordpress\/ -->\n<title>La grande fotografia in mostra a Bologna: tre mostre da vedere - Hotel Astoria Bologna<\/title>\n<meta name=\"description\" content=\"Scopri tre mostre fotografiche imperdibili da scoprire prossimamente a Bologna!\" \/>\n<meta name=\"robots\" content=\"index, follow, max-snippet:-1, max-image-preview:large, max-video-preview:-1\" \/>\n<link rel=\"canonical\" href=\"https:\/\/astoria.bo.it\/it\/la-grande-fotografia-in-mostra-a-bologna-tre-mostre-da-vedere\/\" \/>\n<meta property=\"og:locale\" content=\"it_IT\" \/>\n<meta property=\"og:type\" content=\"article\" \/>\n<meta property=\"og:title\" content=\"La grande fotografia in mostra a Bologna: tre mostre da vedere - Hotel Astoria Bologna\" \/>\n<meta property=\"og:description\" content=\"Scopri tre mostre fotografiche imperdibili da scoprire prossimamente a Bologna!\" \/>\n<meta property=\"og:url\" content=\"https:\/\/astoria.bo.it\/it\/la-grande-fotografia-in-mostra-a-bologna-tre-mostre-da-vedere\/\" \/>\n<meta property=\"og:site_name\" content=\"Hotel Astoria Bologna\" \/>\n<meta property=\"article:published_time\" content=\"2024-11-22T14:47:54+00:00\" \/>\n<meta property=\"og:image\" content=\"https:\/\/astoria.bo.it\/wp-content\/uploads\/2024\/11\/articoli-astoria-bologna-9.jpeg\" \/>\n\t<meta property=\"og:image:width\" content=\"1200\" \/>\n\t<meta property=\"og:image:height\" content=\"768\" \/>\n\t<meta property=\"og:image:type\" content=\"image\/jpeg\" \/>\n<meta name=\"author\" content=\"Francesco Gemin\" \/>\n<meta name=\"twitter:card\" content=\"summary_large_image\" \/>\n<meta name=\"twitter:label1\" content=\"Scritto da\" \/>\n\t<meta name=\"twitter:data1\" content=\"Francesco Gemin\" \/>\n\t<meta name=\"twitter:label2\" content=\"Tempo di lettura stimato\" \/>\n\t<meta name=\"twitter:data2\" content=\"2 minuti\" \/>\n<script type=\"application\/ld+json\" class=\"yoast-schema-graph\">{\"@context\":\"https:\\\/\\\/schema.org\",\"@graph\":[{\"@type\":\"Article\",\"@id\":\"https:\\\/\\\/astoria.bo.it\\\/it\\\/la-grande-fotografia-in-mostra-a-bologna-tre-mostre-da-vedere\\\/#article\",\"isPartOf\":{\"@id\":\"https:\\\/\\\/astoria.bo.it\\\/it\\\/la-grande-fotografia-in-mostra-a-bologna-tre-mostre-da-vedere\\\/\"},\"author\":{\"name\":\"Francesco Gemin\",\"@id\":\"https:\\\/\\\/astoria.bo.it\\\/it\\\/#\\\/schema\\\/person\\\/8949b71bfa9def19232cff24cbc37123\"},\"headline\":\"La grande fotografia in mostra a Bologna: tre mostre da vedere\",\"datePublished\":\"2024-11-22T14:47:54+00:00\",\"mainEntityOfPage\":{\"@id\":\"https:\\\/\\\/astoria.bo.it\\\/it\\\/la-grande-fotografia-in-mostra-a-bologna-tre-mostre-da-vedere\\\/\"},\"wordCount\":459,\"commentCount\":0,\"publisher\":{\"@id\":\"https:\\\/\\\/astoria.bo.it\\\/it\\\/#organization\"},\"image\":{\"@id\":\"https:\\\/\\\/astoria.bo.it\\\/it\\\/la-grande-fotografia-in-mostra-a-bologna-tre-mostre-da-vedere\\\/#primaryimage\"},\"thumbnailUrl\":\"https:\\\/\\\/astoria.bo.it\\\/wp-content\\\/uploads\\\/2024\\\/11\\\/articoli-astoria-bologna-9.jpeg\",\"articleSection\":[\"Bologna\"],\"inLanguage\":\"it-IT\",\"potentialAction\":[{\"@type\":\"CommentAction\",\"name\":\"Comment\",\"target\":[\"https:\\\/\\\/astoria.bo.it\\\/it\\\/la-grande-fotografia-in-mostra-a-bologna-tre-mostre-da-vedere\\\/#respond\"]}]},{\"@type\":\"WebPage\",\"@id\":\"https:\\\/\\\/astoria.bo.it\\\/it\\\/la-grande-fotografia-in-mostra-a-bologna-tre-mostre-da-vedere\\\/\",\"url\":\"https:\\\/\\\/astoria.bo.it\\\/it\\\/la-grande-fotografia-in-mostra-a-bologna-tre-mostre-da-vedere\\\/\",\"name\":\"La grande fotografia in mostra a Bologna: tre mostre da vedere - Hotel Astoria Bologna\",\"isPartOf\":{\"@id\":\"https:\\\/\\\/astoria.bo.it\\\/it\\\/#website\"},\"primaryImageOfPage\":{\"@id\":\"https:\\\/\\\/astoria.bo.it\\\/it\\\/la-grande-fotografia-in-mostra-a-bologna-tre-mostre-da-vedere\\\/#primaryimage\"},\"image\":{\"@id\":\"https:\\\/\\\/astoria.bo.it\\\/it\\\/la-grande-fotografia-in-mostra-a-bologna-tre-mostre-da-vedere\\\/#primaryimage\"},\"thumbnailUrl\":\"https:\\\/\\\/astoria.bo.it\\\/wp-content\\\/uploads\\\/2024\\\/11\\\/articoli-astoria-bologna-9.jpeg\",\"datePublished\":\"2024-11-22T14:47:54+00:00\",\"description\":\"Scopri tre mostre fotografiche imperdibili da scoprire prossimamente a Bologna!\",\"breadcrumb\":{\"@id\":\"https:\\\/\\\/astoria.bo.it\\\/it\\\/la-grande-fotografia-in-mostra-a-bologna-tre-mostre-da-vedere\\\/#breadcrumb\"},\"inLanguage\":\"it-IT\",\"potentialAction\":[{\"@type\":\"ReadAction\",\"target\":[\"https:\\\/\\\/astoria.bo.it\\\/it\\\/la-grande-fotografia-in-mostra-a-bologna-tre-mostre-da-vedere\\\/\"]}]},{\"@type\":\"ImageObject\",\"inLanguage\":\"it-IT\",\"@id\":\"https:\\\/\\\/astoria.bo.it\\\/it\\\/la-grande-fotografia-in-mostra-a-bologna-tre-mostre-da-vedere\\\/#primaryimage\",\"url\":\"https:\\\/\\\/astoria.bo.it\\\/wp-content\\\/uploads\\\/2024\\\/11\\\/articoli-astoria-bologna-9.jpeg\",\"contentUrl\":\"https:\\\/\\\/astoria.bo.it\\\/wp-content\\\/uploads\\\/2024\\\/11\\\/articoli-astoria-bologna-9.jpeg\",\"width\":1200,\"height\":768},{\"@type\":\"BreadcrumbList\",\"@id\":\"https:\\\/\\\/astoria.bo.it\\\/it\\\/la-grande-fotografia-in-mostra-a-bologna-tre-mostre-da-vedere\\\/#breadcrumb\",\"itemListElement\":[{\"@type\":\"ListItem\",\"position\":1,\"name\":\"Home\",\"item\":\"https:\\\/\\\/astoria.bo.it\\\/it\\\/\"},{\"@type\":\"ListItem\",\"position\":2,\"name\":\"La grande fotografia in mostra a Bologna: tre mostre da vedere\"}]},{\"@type\":\"WebSite\",\"@id\":\"https:\\\/\\\/astoria.bo.it\\\/it\\\/#website\",\"url\":\"https:\\\/\\\/astoria.bo.it\\\/it\\\/\",\"name\":\"Hotel Astoria Bologna\",\"description\":\"\",\"publisher\":{\"@id\":\"https:\\\/\\\/astoria.bo.it\\\/it\\\/#organization\"},\"potentialAction\":[{\"@type\":\"SearchAction\",\"target\":{\"@type\":\"EntryPoint\",\"urlTemplate\":\"https:\\\/\\\/astoria.bo.it\\\/it\\\/?s={search_term_string}\"},\"query-input\":{\"@type\":\"PropertyValueSpecification\",\"valueRequired\":true,\"valueName\":\"search_term_string\"}}],\"inLanguage\":\"it-IT\"},{\"@type\":\"Organization\",\"@id\":\"https:\\\/\\\/astoria.bo.it\\\/it\\\/#organization\",\"name\":\"Hotel Astoria Bologna\",\"url\":\"https:\\\/\\\/astoria.bo.it\\\/it\\\/\",\"logo\":{\"@type\":\"ImageObject\",\"inLanguage\":\"it-IT\",\"@id\":\"https:\\\/\\\/astoria.bo.it\\\/it\\\/#\\\/schema\\\/logo\\\/image\\\/\",\"url\":\"https:\\\/\\\/astoria.bo.it\\\/wp-content\\\/uploads\\\/2024\\\/10\\\/logo-sito-header.webp\",\"contentUrl\":\"https:\\\/\\\/astoria.bo.it\\\/wp-content\\\/uploads\\\/2024\\\/10\\\/logo-sito-header.webp\",\"width\":165,\"height\":133,\"caption\":\"Hotel Astoria Bologna\"},\"image\":{\"@id\":\"https:\\\/\\\/astoria.bo.it\\\/it\\\/#\\\/schema\\\/logo\\\/image\\\/\"}},{\"@type\":\"Person\",\"@id\":\"https:\\\/\\\/astoria.bo.it\\\/it\\\/#\\\/schema\\\/person\\\/8949b71bfa9def19232cff24cbc37123\",\"name\":\"Francesco Gemin\",\"image\":{\"@type\":\"ImageObject\",\"inLanguage\":\"it-IT\",\"@id\":\"https:\\\/\\\/secure.gravatar.com\\\/avatar\\\/584fc071ed801cfc28472c1170c0f8b853d028daef4ab569382c91d3702b2174?s=96&d=mm&r=g\",\"url\":\"https:\\\/\\\/secure.gravatar.com\\\/avatar\\\/584fc071ed801cfc28472c1170c0f8b853d028daef4ab569382c91d3702b2174?s=96&d=mm&r=g\",\"contentUrl\":\"https:\\\/\\\/secure.gravatar.com\\\/avatar\\\/584fc071ed801cfc28472c1170c0f8b853d028daef4ab569382c91d3702b2174?s=96&d=mm&r=g\",\"caption\":\"Francesco Gemin\"},\"url\":\"https:\\\/\\\/astoria.bo.it\\\/it\\\/author\\\/franc_83kai\\\/\"}]}<\/script>\n<!-- \/ Yoast SEO plugin. -->","yoast_head_json":{"title":"La grande fotografia in mostra a Bologna: tre mostre da vedere - Hotel Astoria Bologna","description":"Scopri tre mostre fotografiche imperdibili da scoprire prossimamente a Bologna!","robots":{"index":"index","follow":"follow","max-snippet":"max-snippet:-1","max-image-preview":"max-image-preview:large","max-video-preview":"max-video-preview:-1"},"canonical":"https:\/\/astoria.bo.it\/it\/la-grande-fotografia-in-mostra-a-bologna-tre-mostre-da-vedere\/","og_locale":"it_IT","og_type":"article","og_title":"La grande fotografia in mostra a Bologna: tre mostre da vedere - Hotel Astoria Bologna","og_description":"Scopri tre mostre fotografiche imperdibili da scoprire prossimamente a Bologna!","og_url":"https:\/\/astoria.bo.it\/it\/la-grande-fotografia-in-mostra-a-bologna-tre-mostre-da-vedere\/","og_site_name":"Hotel Astoria Bologna","article_published_time":"2024-11-22T14:47:54+00:00","og_image":[{"width":1200,"height":768,"url":"https:\/\/astoria.bo.it\/wp-content\/uploads\/2024\/11\/articoli-astoria-bologna-9.jpeg","type":"image\/jpeg"}],"author":"Francesco Gemin","twitter_card":"summary_large_image","twitter_misc":{"Scritto da":"Francesco Gemin","Tempo di lettura stimato":"2 minuti"},"schema":{"@context":"https:\/\/schema.org","@graph":[{"@type":"Article","@id":"https:\/\/astoria.bo.it\/it\/la-grande-fotografia-in-mostra-a-bologna-tre-mostre-da-vedere\/#article","isPartOf":{"@id":"https:\/\/astoria.bo.it\/it\/la-grande-fotografia-in-mostra-a-bologna-tre-mostre-da-vedere\/"},"author":{"name":"Francesco Gemin","@id":"https:\/\/astoria.bo.it\/it\/#\/schema\/person\/8949b71bfa9def19232cff24cbc37123"},"headline":"La grande fotografia in mostra a Bologna: tre mostre da vedere","datePublished":"2024-11-22T14:47:54+00:00","mainEntityOfPage":{"@id":"https:\/\/astoria.bo.it\/it\/la-grande-fotografia-in-mostra-a-bologna-tre-mostre-da-vedere\/"},"wordCount":459,"commentCount":0,"publisher":{"@id":"https:\/\/astoria.bo.it\/it\/#organization"},"image":{"@id":"https:\/\/astoria.bo.it\/it\/la-grande-fotografia-in-mostra-a-bologna-tre-mostre-da-vedere\/#primaryimage"},"thumbnailUrl":"https:\/\/astoria.bo.it\/wp-content\/uploads\/2024\/11\/articoli-astoria-bologna-9.jpeg","articleSection":["Bologna"],"inLanguage":"it-IT","potentialAction":[{"@type":"CommentAction","name":"Comment","target":["https:\/\/astoria.bo.it\/it\/la-grande-fotografia-in-mostra-a-bologna-tre-mostre-da-vedere\/#respond"]}]},{"@type":"WebPage","@id":"https:\/\/astoria.bo.it\/it\/la-grande-fotografia-in-mostra-a-bologna-tre-mostre-da-vedere\/","url":"https:\/\/astoria.bo.it\/it\/la-grande-fotografia-in-mostra-a-bologna-tre-mostre-da-vedere\/","name":"La grande fotografia in mostra a Bologna: tre mostre da vedere - Hotel Astoria Bologna","isPartOf":{"@id":"https:\/\/astoria.bo.it\/it\/#website"},"primaryImageOfPage":{"@id":"https:\/\/astoria.bo.it\/it\/la-grande-fotografia-in-mostra-a-bologna-tre-mostre-da-vedere\/#primaryimage"},"image":{"@id":"https:\/\/astoria.bo.it\/it\/la-grande-fotografia-in-mostra-a-bologna-tre-mostre-da-vedere\/#primaryimage"},"thumbnailUrl":"https:\/\/astoria.bo.it\/wp-content\/uploads\/2024\/11\/articoli-astoria-bologna-9.jpeg","datePublished":"2024-11-22T14:47:54+00:00","description":"Scopri tre mostre fotografiche imperdibili da scoprire prossimamente a Bologna!","breadcrumb":{"@id":"https:\/\/astoria.bo.it\/it\/la-grande-fotografia-in-mostra-a-bologna-tre-mostre-da-vedere\/#breadcrumb"},"inLanguage":"it-IT","potentialAction":[{"@type":"ReadAction","target":["https:\/\/astoria.bo.it\/it\/la-grande-fotografia-in-mostra-a-bologna-tre-mostre-da-vedere\/"]}]},{"@type":"ImageObject","inLanguage":"it-IT","@id":"https:\/\/astoria.bo.it\/it\/la-grande-fotografia-in-mostra-a-bologna-tre-mostre-da-vedere\/#primaryimage","url":"https:\/\/astoria.bo.it\/wp-content\/uploads\/2024\/11\/articoli-astoria-bologna-9.jpeg","contentUrl":"https:\/\/astoria.bo.it\/wp-content\/uploads\/2024\/11\/articoli-astoria-bologna-9.jpeg","width":1200,"height":768},{"@type":"BreadcrumbList","@id":"https:\/\/astoria.bo.it\/it\/la-grande-fotografia-in-mostra-a-bologna-tre-mostre-da-vedere\/#breadcrumb","itemListElement":[{"@type":"ListItem","position":1,"name":"Home","item":"https:\/\/astoria.bo.it\/it\/"},{"@type":"ListItem","position":2,"name":"La grande fotografia in mostra a Bologna: tre mostre da vedere"}]},{"@type":"WebSite","@id":"https:\/\/astoria.bo.it\/it\/#website","url":"https:\/\/astoria.bo.it\/it\/","name":"Hotel Astoria Bologna","description":"","publisher":{"@id":"https:\/\/astoria.bo.it\/it\/#organization"},"potentialAction":[{"@type":"SearchAction","target":{"@type":"EntryPoint","urlTemplate":"https:\/\/astoria.bo.it\/it\/?s={search_term_string}"},"query-input":{"@type":"PropertyValueSpecification","valueRequired":true,"valueName":"search_term_string"}}],"inLanguage":"it-IT"},{"@type":"Organization","@id":"https:\/\/astoria.bo.it\/it\/#organization","name":"Hotel Astoria Bologna","url":"https:\/\/astoria.bo.it\/it\/","logo":{"@type":"ImageObject","inLanguage":"it-IT","@id":"https:\/\/astoria.bo.it\/it\/#\/schema\/logo\/image\/","url":"https:\/\/astoria.bo.it\/wp-content\/uploads\/2024\/10\/logo-sito-header.webp","contentUrl":"https:\/\/astoria.bo.it\/wp-content\/uploads\/2024\/10\/logo-sito-header.webp","width":165,"height":133,"caption":"Hotel Astoria Bologna"},"image":{"@id":"https:\/\/astoria.bo.it\/it\/#\/schema\/logo\/image\/"}},{"@type":"Person","@id":"https:\/\/astoria.bo.it\/it\/#\/schema\/person\/8949b71bfa9def19232cff24cbc37123","name":"Francesco Gemin","image":{"@type":"ImageObject","inLanguage":"it-IT","@id":"https:\/\/secure.gravatar.com\/avatar\/584fc071ed801cfc28472c1170c0f8b853d028daef4ab569382c91d3702b2174?s=96&d=mm&r=g","url":"https:\/\/secure.gravatar.com\/avatar\/584fc071ed801cfc28472c1170c0f8b853d028daef4ab569382c91d3702b2174?s=96&d=mm&r=g","contentUrl":"https:\/\/secure.gravatar.com\/avatar\/584fc071ed801cfc28472c1170c0f8b853d028daef4ab569382c91d3702b2174?s=96&d=mm&r=g","caption":"Francesco Gemin"},"url":"https:\/\/astoria.bo.it\/it\/author\/franc_83kai\/"}]}},"_links":{"self":[{"href":"https:\/\/astoria.bo.it\/it\/wp-json\/wp\/v2\/posts\/3532","targetHints":{"allow":["GET"]}}],"collection":[{"href":"https:\/\/astoria.bo.it\/it\/wp-json\/wp\/v2\/posts"}],"about":[{"href":"https:\/\/astoria.bo.it\/it\/wp-json\/wp\/v2\/types\/post"}],"author":[{"embeddable":true,"href":"https:\/\/astoria.bo.it\/it\/wp-json\/wp\/v2\/users\/3"}],"replies":[{"embeddable":true,"href":"https:\/\/astoria.bo.it\/it\/wp-json\/wp\/v2\/comments?post=3532"}],"version-history":[{"count":0,"href":"https:\/\/astoria.bo.it\/it\/wp-json\/wp\/v2\/posts\/3532\/revisions"}],"wp:featuredmedia":[{"embeddable":true,"href":"https:\/\/astoria.bo.it\/it\/wp-json\/wp\/v2\/media\/3533"}],"wp:attachment":[{"href":"https:\/\/astoria.bo.it\/it\/wp-json\/wp\/v2\/media?parent=3532"}],"wp:term":[{"taxonomy":"category","embeddable":true,"href":"https:\/\/astoria.bo.it\/it\/wp-json\/wp\/v2\/categories?post=3532"},{"taxonomy":"post_tag","embeddable":true,"href":"https:\/\/astoria.bo.it\/it\/wp-json\/wp\/v2\/tags?post=3532"}],"curies":[{"name":"wp","href":"https:\/\/api.w.org\/{rel}","templated":true}]}}