{"id":3474,"date":"2024-07-04T15:47:34","date_gmt":"2024-07-04T13:47:34","guid":{"rendered":"https:\/\/www.astoria.bo.it\/?p=3474"},"modified":"2024-07-04T15:47:34","modified_gmt":"2024-07-04T13:47:34","slug":"concerti-di-luglio-a-bologna-al-via-la-stagione-della-musica-live","status":"publish","type":"post","link":"https:\/\/astoria.bo.it\/it\/concerti-di-luglio-a-bologna-al-via-la-stagione-della-musica-live\/","title":{"rendered":"Concerti di luglio a Bologna: al via la stagione della musica live"},"content":{"rendered":"<p>La stagione dei concerti estivi a Bologna \u00e8 ai posti di blocco. La citt\u00e0 emiliana si prepara ad accogliere alcuni dei nomi pi\u00f9 importanti del panorama musicale italiano e internazionale.<\/p>\n<p>Si inizia il\u00a0<strong>3 e il 4 luglio<\/strong>, con due dei nomi pi\u00f9 originali e innovativi del panorama hip-hop italiano:\u00a0<strong>Salmo e Noyz Narcos<\/strong>. Due artisti che hanno conquistato il pubblico con le loro rime potenti e le loro sonorit\u00e0 innovative. L&#8217;appuntamento \u00e8 al\u00a0<strong>Sequoie Music Park<\/strong>, al Parco Caserme Rosse. Sar\u00e0 un concerto da non perdere per tutti i fan di questo genere!<\/p>\n<p>Il\u00a0<strong>9 luglio<\/strong>, il\u00a0<strong>Bonsai\u00a0<\/strong>ospiter\u00e0 un concerto unico con il gruppo simbolo dell&#8217;eurodance italiano, gli\u00a0<strong>Eiffel 65<\/strong>, che hanno conquistato il mondo con singoli come &#8220;Blue&#8221;, &#8220;Move Your Body&#8221; e &#8220;Living in a Bubble&#8221;. Sar\u00e0 un momento di ritorno alle radici per i fan del genere pop-dance.<\/p>\n<p>Poi, l&#8217;<strong>11 luglio<\/strong>, sar\u00e0 la volta dei\u00a0<strong>Take That<\/strong>\u00a0a esibirsi sul palco del\u00a0<strong>Sequoie Music Park<\/strong>. Il fenomeno musicale britannico, con Gary Barlow, Mark Owen, Howard Donald e Jason Orange, torner\u00e0 a far ballare i fan con le loro hits: &#8220;Pray&#8221;, &#8220;Relight My Fire&#8221; e &#8220;Back for Good&#8221;.<\/p>\n<p>Il\u00a0<strong>16 luglio<\/strong>, sar\u00e0 la volta di un&#8217;altra grande band che ha fatto impazzire gli adolescenti degli anni novanta: i\u00a0<strong>Blue<\/strong>, che si esibiranno al\u00a0<strong>Sequoie Music Park<\/strong>.<\/p>\n<p>Il\u00a0<strong>18 luglio<\/strong>, sempre al\u00a0<strong>Sequoie Music Park<\/strong>, sar\u00e0 la volta di\u00a0<strong>Fulminacci<\/strong>, con il suo Infinito+1 tour.<\/p>\n<p>Il\u00a0<strong>19 luglio<\/strong>,\u00a0<strong>Mahmood\u00a0<\/strong>sar\u00e0 protagonista assoluto del\u00a0<strong>Sequoie Music Park<\/strong>. L&#8217;artista italiano presenter\u00e0 i suoi successi come &#8220;Soldi&#8221; e &#8220;Rapide&#8221;, in uno spettacolo da non perdere.<\/p>\n<p>Non meno importante \u00e8 l&#8217;appuntamento del\u00a0<strong>20 luglio<\/strong>\u00a0con\u00a0<strong>Nick Mason&#8217;s Saucerful of Secrets<\/strong>, sempre al parco Caserme Rosse. Il batterista degli Pink Floyd e fondatore del gruppo, Nick Mason, si presenta in esclusiva come leader di un nuovo progetto che celebra la musica psichedelica e progressiva degli anni &#8217;60. Un concerto unico per gli amanti della musica.<\/p>\n<p>Infine, il\u00a0<strong>22 luglio<\/strong>, i leggendari\u00a0<strong>Kool and The Gang<\/strong>\u00a0ci faranno fare un viaggio nel tempo, grazie ai loro classici &#8220;Celebration&#8221; e &#8220;Get Down On It&#8221;. Chi ama il funk non pu\u00f2 perdersi questo appuntamento.<\/p>\n<p>Le opportunit\u00e0 di vivere esperienze uniche e indimenticabili nel cuore della citt\u00e0 di Bologna non mancano! Hai gi\u00e0 prenotato il tuo prossimo soggiorno a Bologna?<\/p>\n","protected":false},"excerpt":{"rendered":"<p>La stagione dei concerti estivi a Bologna \u00e8 ai posti di blocco. La citt\u00e0 emiliana si prepara ad accogliere alcuni dei nomi pi\u00f9 importanti del panorama musicale italiano e internazionale. Si inizia il\u00a03 e il 4 luglio, con due dei nomi pi\u00f9 originali e innovativi del panorama hip-hop italiano:\u00a0Salmo e Noyz Narcos. Due artisti che [&hellip;]<\/p>\n","protected":false},"author":3,"featured_media":3475,"comment_status":"open","ping_status":"closed","sticky":false,"template":"","format":"standard","meta":{"_acf_changed":false,"footnotes":""},"categories":[26],"tags":[],"class_list":["post-3474","post","type-post","status-publish","format-standard","has-post-thumbnail","hentry","category-bologna"],"acf":[],"yoast_head":"<!-- This site is optimized with the Yoast SEO plugin v27.3 - https:\/\/yoast.com\/product\/yoast-seo-wordpress\/ -->\n<title>Concerti di luglio a Bologna: al via la stagione della musica live - Hotel Astoria Bologna<\/title>\n<meta name=\"description\" content=\"La stagione dei concerti estivi a Bologna \u00e8 iniziata. La citt\u00e0 si prepara ad accogliere alcuni dei nomi pi\u00f9 importanti del panorama musicale internazionale.\" \/>\n<meta name=\"robots\" content=\"index, follow, max-snippet:-1, max-image-preview:large, max-video-preview:-1\" \/>\n<link rel=\"canonical\" href=\"https:\/\/astoria.bo.it\/it\/concerti-di-luglio-a-bologna-al-via-la-stagione-della-musica-live\/\" \/>\n<meta property=\"og:locale\" content=\"it_IT\" \/>\n<meta property=\"og:type\" content=\"article\" \/>\n<meta property=\"og:title\" content=\"Concerti di luglio a Bologna: al via la stagione della musica live - Hotel Astoria Bologna\" \/>\n<meta property=\"og:description\" content=\"La stagione dei concerti estivi a Bologna \u00e8 iniziata. La citt\u00e0 si prepara ad accogliere alcuni dei nomi pi\u00f9 importanti del panorama musicale internazionale.\" \/>\n<meta property=\"og:url\" content=\"https:\/\/astoria.bo.it\/it\/concerti-di-luglio-a-bologna-al-via-la-stagione-della-musica-live\/\" \/>\n<meta property=\"og:site_name\" content=\"Hotel Astoria Bologna\" \/>\n<meta property=\"article:published_time\" content=\"2024-07-04T13:47:34+00:00\" \/>\n<meta property=\"og:image\" content=\"https:\/\/astoria.bo.it\/wp-content\/uploads\/2024\/07\/articoli-astoria-bologna-6.jpeg\" \/>\n\t<meta property=\"og:image:width\" content=\"1920\" \/>\n\t<meta property=\"og:image:height\" content=\"1080\" \/>\n\t<meta property=\"og:image:type\" content=\"image\/jpeg\" \/>\n<meta name=\"author\" content=\"Francesco Gemin\" \/>\n<meta name=\"twitter:card\" content=\"summary_large_image\" \/>\n<meta name=\"twitter:label1\" content=\"Scritto da\" \/>\n\t<meta name=\"twitter:data1\" content=\"Francesco Gemin\" \/>\n\t<meta name=\"twitter:label2\" content=\"Tempo di lettura stimato\" \/>\n\t<meta name=\"twitter:data2\" content=\"2 minuti\" \/>\n<script type=\"application\/ld+json\" class=\"yoast-schema-graph\">{\"@context\":\"https:\\\/\\\/schema.org\",\"@graph\":[{\"@type\":\"Article\",\"@id\":\"https:\\\/\\\/astoria.bo.it\\\/it\\\/concerti-di-luglio-a-bologna-al-via-la-stagione-della-musica-live\\\/#article\",\"isPartOf\":{\"@id\":\"https:\\\/\\\/astoria.bo.it\\\/it\\\/concerti-di-luglio-a-bologna-al-via-la-stagione-della-musica-live\\\/\"},\"author\":{\"name\":\"Francesco Gemin\",\"@id\":\"https:\\\/\\\/astoria.bo.it\\\/it\\\/#\\\/schema\\\/person\\\/8949b71bfa9def19232cff24cbc37123\"},\"headline\":\"Concerti di luglio a Bologna: al via la stagione della musica live\",\"datePublished\":\"2024-07-04T13:47:34+00:00\",\"mainEntityOfPage\":{\"@id\":\"https:\\\/\\\/astoria.bo.it\\\/it\\\/concerti-di-luglio-a-bologna-al-via-la-stagione-della-musica-live\\\/\"},\"wordCount\":388,\"commentCount\":0,\"publisher\":{\"@id\":\"https:\\\/\\\/astoria.bo.it\\\/it\\\/#organization\"},\"image\":{\"@id\":\"https:\\\/\\\/astoria.bo.it\\\/it\\\/concerti-di-luglio-a-bologna-al-via-la-stagione-della-musica-live\\\/#primaryimage\"},\"thumbnailUrl\":\"https:\\\/\\\/astoria.bo.it\\\/wp-content\\\/uploads\\\/2024\\\/07\\\/articoli-astoria-bologna-6.jpeg\",\"articleSection\":[\"Bologna\"],\"inLanguage\":\"it-IT\",\"potentialAction\":[{\"@type\":\"CommentAction\",\"name\":\"Comment\",\"target\":[\"https:\\\/\\\/astoria.bo.it\\\/it\\\/concerti-di-luglio-a-bologna-al-via-la-stagione-della-musica-live\\\/#respond\"]}]},{\"@type\":\"WebPage\",\"@id\":\"https:\\\/\\\/astoria.bo.it\\\/it\\\/concerti-di-luglio-a-bologna-al-via-la-stagione-della-musica-live\\\/\",\"url\":\"https:\\\/\\\/astoria.bo.it\\\/it\\\/concerti-di-luglio-a-bologna-al-via-la-stagione-della-musica-live\\\/\",\"name\":\"Concerti di luglio a Bologna: al via la stagione della musica live - Hotel Astoria Bologna\",\"isPartOf\":{\"@id\":\"https:\\\/\\\/astoria.bo.it\\\/it\\\/#website\"},\"primaryImageOfPage\":{\"@id\":\"https:\\\/\\\/astoria.bo.it\\\/it\\\/concerti-di-luglio-a-bologna-al-via-la-stagione-della-musica-live\\\/#primaryimage\"},\"image\":{\"@id\":\"https:\\\/\\\/astoria.bo.it\\\/it\\\/concerti-di-luglio-a-bologna-al-via-la-stagione-della-musica-live\\\/#primaryimage\"},\"thumbnailUrl\":\"https:\\\/\\\/astoria.bo.it\\\/wp-content\\\/uploads\\\/2024\\\/07\\\/articoli-astoria-bologna-6.jpeg\",\"datePublished\":\"2024-07-04T13:47:34+00:00\",\"description\":\"La stagione dei concerti estivi a Bologna \u00e8 iniziata. La citt\u00e0 si prepara ad accogliere alcuni dei nomi pi\u00f9 importanti del panorama musicale internazionale.\",\"breadcrumb\":{\"@id\":\"https:\\\/\\\/astoria.bo.it\\\/it\\\/concerti-di-luglio-a-bologna-al-via-la-stagione-della-musica-live\\\/#breadcrumb\"},\"inLanguage\":\"it-IT\",\"potentialAction\":[{\"@type\":\"ReadAction\",\"target\":[\"https:\\\/\\\/astoria.bo.it\\\/it\\\/concerti-di-luglio-a-bologna-al-via-la-stagione-della-musica-live\\\/\"]}]},{\"@type\":\"ImageObject\",\"inLanguage\":\"it-IT\",\"@id\":\"https:\\\/\\\/astoria.bo.it\\\/it\\\/concerti-di-luglio-a-bologna-al-via-la-stagione-della-musica-live\\\/#primaryimage\",\"url\":\"https:\\\/\\\/astoria.bo.it\\\/wp-content\\\/uploads\\\/2024\\\/07\\\/articoli-astoria-bologna-6.jpeg\",\"contentUrl\":\"https:\\\/\\\/astoria.bo.it\\\/wp-content\\\/uploads\\\/2024\\\/07\\\/articoli-astoria-bologna-6.jpeg\",\"width\":1920,\"height\":1080},{\"@type\":\"BreadcrumbList\",\"@id\":\"https:\\\/\\\/astoria.bo.it\\\/it\\\/concerti-di-luglio-a-bologna-al-via-la-stagione-della-musica-live\\\/#breadcrumb\",\"itemListElement\":[{\"@type\":\"ListItem\",\"position\":1,\"name\":\"Home\",\"item\":\"https:\\\/\\\/astoria.bo.it\\\/it\\\/\"},{\"@type\":\"ListItem\",\"position\":2,\"name\":\"Concerti di luglio a Bologna: al via la stagione della musica live\"}]},{\"@type\":\"WebSite\",\"@id\":\"https:\\\/\\\/astoria.bo.it\\\/it\\\/#website\",\"url\":\"https:\\\/\\\/astoria.bo.it\\\/it\\\/\",\"name\":\"Hotel Astoria Bologna\",\"description\":\"\",\"publisher\":{\"@id\":\"https:\\\/\\\/astoria.bo.it\\\/it\\\/#organization\"},\"potentialAction\":[{\"@type\":\"SearchAction\",\"target\":{\"@type\":\"EntryPoint\",\"urlTemplate\":\"https:\\\/\\\/astoria.bo.it\\\/it\\\/?s={search_term_string}\"},\"query-input\":{\"@type\":\"PropertyValueSpecification\",\"valueRequired\":true,\"valueName\":\"search_term_string\"}}],\"inLanguage\":\"it-IT\"},{\"@type\":\"Organization\",\"@id\":\"https:\\\/\\\/astoria.bo.it\\\/it\\\/#organization\",\"name\":\"Hotel Astoria Bologna\",\"url\":\"https:\\\/\\\/astoria.bo.it\\\/it\\\/\",\"logo\":{\"@type\":\"ImageObject\",\"inLanguage\":\"it-IT\",\"@id\":\"https:\\\/\\\/astoria.bo.it\\\/it\\\/#\\\/schema\\\/logo\\\/image\\\/\",\"url\":\"https:\\\/\\\/astoria.bo.it\\\/wp-content\\\/uploads\\\/2024\\\/10\\\/logo-sito-header.webp\",\"contentUrl\":\"https:\\\/\\\/astoria.bo.it\\\/wp-content\\\/uploads\\\/2024\\\/10\\\/logo-sito-header.webp\",\"width\":165,\"height\":133,\"caption\":\"Hotel Astoria Bologna\"},\"image\":{\"@id\":\"https:\\\/\\\/astoria.bo.it\\\/it\\\/#\\\/schema\\\/logo\\\/image\\\/\"}},{\"@type\":\"Person\",\"@id\":\"https:\\\/\\\/astoria.bo.it\\\/it\\\/#\\\/schema\\\/person\\\/8949b71bfa9def19232cff24cbc37123\",\"name\":\"Francesco Gemin\",\"image\":{\"@type\":\"ImageObject\",\"inLanguage\":\"it-IT\",\"@id\":\"https:\\\/\\\/secure.gravatar.com\\\/avatar\\\/584fc071ed801cfc28472c1170c0f8b853d028daef4ab569382c91d3702b2174?s=96&d=mm&r=g\",\"url\":\"https:\\\/\\\/secure.gravatar.com\\\/avatar\\\/584fc071ed801cfc28472c1170c0f8b853d028daef4ab569382c91d3702b2174?s=96&d=mm&r=g\",\"contentUrl\":\"https:\\\/\\\/secure.gravatar.com\\\/avatar\\\/584fc071ed801cfc28472c1170c0f8b853d028daef4ab569382c91d3702b2174?s=96&d=mm&r=g\",\"caption\":\"Francesco Gemin\"},\"url\":\"https:\\\/\\\/astoria.bo.it\\\/it\\\/author\\\/franc_83kai\\\/\"}]}<\/script>\n<!-- \/ Yoast SEO plugin. -->","yoast_head_json":{"title":"Concerti di luglio a Bologna: al via la stagione della musica live - Hotel Astoria Bologna","description":"La stagione dei concerti estivi a Bologna \u00e8 iniziata. La citt\u00e0 si prepara ad accogliere alcuni dei nomi pi\u00f9 importanti del panorama musicale internazionale.","robots":{"index":"index","follow":"follow","max-snippet":"max-snippet:-1","max-image-preview":"max-image-preview:large","max-video-preview":"max-video-preview:-1"},"canonical":"https:\/\/astoria.bo.it\/it\/concerti-di-luglio-a-bologna-al-via-la-stagione-della-musica-live\/","og_locale":"it_IT","og_type":"article","og_title":"Concerti di luglio a Bologna: al via la stagione della musica live - Hotel Astoria Bologna","og_description":"La stagione dei concerti estivi a Bologna \u00e8 iniziata. La citt\u00e0 si prepara ad accogliere alcuni dei nomi pi\u00f9 importanti del panorama musicale internazionale.","og_url":"https:\/\/astoria.bo.it\/it\/concerti-di-luglio-a-bologna-al-via-la-stagione-della-musica-live\/","og_site_name":"Hotel Astoria Bologna","article_published_time":"2024-07-04T13:47:34+00:00","og_image":[{"width":1920,"height":1080,"url":"https:\/\/astoria.bo.it\/wp-content\/uploads\/2024\/07\/articoli-astoria-bologna-6.jpeg","type":"image\/jpeg"}],"author":"Francesco Gemin","twitter_card":"summary_large_image","twitter_misc":{"Scritto da":"Francesco Gemin","Tempo di lettura stimato":"2 minuti"},"schema":{"@context":"https:\/\/schema.org","@graph":[{"@type":"Article","@id":"https:\/\/astoria.bo.it\/it\/concerti-di-luglio-a-bologna-al-via-la-stagione-della-musica-live\/#article","isPartOf":{"@id":"https:\/\/astoria.bo.it\/it\/concerti-di-luglio-a-bologna-al-via-la-stagione-della-musica-live\/"},"author":{"name":"Francesco Gemin","@id":"https:\/\/astoria.bo.it\/it\/#\/schema\/person\/8949b71bfa9def19232cff24cbc37123"},"headline":"Concerti di luglio a Bologna: al via la stagione della musica live","datePublished":"2024-07-04T13:47:34+00:00","mainEntityOfPage":{"@id":"https:\/\/astoria.bo.it\/it\/concerti-di-luglio-a-bologna-al-via-la-stagione-della-musica-live\/"},"wordCount":388,"commentCount":0,"publisher":{"@id":"https:\/\/astoria.bo.it\/it\/#organization"},"image":{"@id":"https:\/\/astoria.bo.it\/it\/concerti-di-luglio-a-bologna-al-via-la-stagione-della-musica-live\/#primaryimage"},"thumbnailUrl":"https:\/\/astoria.bo.it\/wp-content\/uploads\/2024\/07\/articoli-astoria-bologna-6.jpeg","articleSection":["Bologna"],"inLanguage":"it-IT","potentialAction":[{"@type":"CommentAction","name":"Comment","target":["https:\/\/astoria.bo.it\/it\/concerti-di-luglio-a-bologna-al-via-la-stagione-della-musica-live\/#respond"]}]},{"@type":"WebPage","@id":"https:\/\/astoria.bo.it\/it\/concerti-di-luglio-a-bologna-al-via-la-stagione-della-musica-live\/","url":"https:\/\/astoria.bo.it\/it\/concerti-di-luglio-a-bologna-al-via-la-stagione-della-musica-live\/","name":"Concerti di luglio a Bologna: al via la stagione della musica live - Hotel Astoria Bologna","isPartOf":{"@id":"https:\/\/astoria.bo.it\/it\/#website"},"primaryImageOfPage":{"@id":"https:\/\/astoria.bo.it\/it\/concerti-di-luglio-a-bologna-al-via-la-stagione-della-musica-live\/#primaryimage"},"image":{"@id":"https:\/\/astoria.bo.it\/it\/concerti-di-luglio-a-bologna-al-via-la-stagione-della-musica-live\/#primaryimage"},"thumbnailUrl":"https:\/\/astoria.bo.it\/wp-content\/uploads\/2024\/07\/articoli-astoria-bologna-6.jpeg","datePublished":"2024-07-04T13:47:34+00:00","description":"La stagione dei concerti estivi a Bologna \u00e8 iniziata. La citt\u00e0 si prepara ad accogliere alcuni dei nomi pi\u00f9 importanti del panorama musicale internazionale.","breadcrumb":{"@id":"https:\/\/astoria.bo.it\/it\/concerti-di-luglio-a-bologna-al-via-la-stagione-della-musica-live\/#breadcrumb"},"inLanguage":"it-IT","potentialAction":[{"@type":"ReadAction","target":["https:\/\/astoria.bo.it\/it\/concerti-di-luglio-a-bologna-al-via-la-stagione-della-musica-live\/"]}]},{"@type":"ImageObject","inLanguage":"it-IT","@id":"https:\/\/astoria.bo.it\/it\/concerti-di-luglio-a-bologna-al-via-la-stagione-della-musica-live\/#primaryimage","url":"https:\/\/astoria.bo.it\/wp-content\/uploads\/2024\/07\/articoli-astoria-bologna-6.jpeg","contentUrl":"https:\/\/astoria.bo.it\/wp-content\/uploads\/2024\/07\/articoli-astoria-bologna-6.jpeg","width":1920,"height":1080},{"@type":"BreadcrumbList","@id":"https:\/\/astoria.bo.it\/it\/concerti-di-luglio-a-bologna-al-via-la-stagione-della-musica-live\/#breadcrumb","itemListElement":[{"@type":"ListItem","position":1,"name":"Home","item":"https:\/\/astoria.bo.it\/it\/"},{"@type":"ListItem","position":2,"name":"Concerti di luglio a Bologna: al via la stagione della musica live"}]},{"@type":"WebSite","@id":"https:\/\/astoria.bo.it\/it\/#website","url":"https:\/\/astoria.bo.it\/it\/","name":"Hotel Astoria Bologna","description":"","publisher":{"@id":"https:\/\/astoria.bo.it\/it\/#organization"},"potentialAction":[{"@type":"SearchAction","target":{"@type":"EntryPoint","urlTemplate":"https:\/\/astoria.bo.it\/it\/?s={search_term_string}"},"query-input":{"@type":"PropertyValueSpecification","valueRequired":true,"valueName":"search_term_string"}}],"inLanguage":"it-IT"},{"@type":"Organization","@id":"https:\/\/astoria.bo.it\/it\/#organization","name":"Hotel Astoria Bologna","url":"https:\/\/astoria.bo.it\/it\/","logo":{"@type":"ImageObject","inLanguage":"it-IT","@id":"https:\/\/astoria.bo.it\/it\/#\/schema\/logo\/image\/","url":"https:\/\/astoria.bo.it\/wp-content\/uploads\/2024\/10\/logo-sito-header.webp","contentUrl":"https:\/\/astoria.bo.it\/wp-content\/uploads\/2024\/10\/logo-sito-header.webp","width":165,"height":133,"caption":"Hotel Astoria Bologna"},"image":{"@id":"https:\/\/astoria.bo.it\/it\/#\/schema\/logo\/image\/"}},{"@type":"Person","@id":"https:\/\/astoria.bo.it\/it\/#\/schema\/person\/8949b71bfa9def19232cff24cbc37123","name":"Francesco Gemin","image":{"@type":"ImageObject","inLanguage":"it-IT","@id":"https:\/\/secure.gravatar.com\/avatar\/584fc071ed801cfc28472c1170c0f8b853d028daef4ab569382c91d3702b2174?s=96&d=mm&r=g","url":"https:\/\/secure.gravatar.com\/avatar\/584fc071ed801cfc28472c1170c0f8b853d028daef4ab569382c91d3702b2174?s=96&d=mm&r=g","contentUrl":"https:\/\/secure.gravatar.com\/avatar\/584fc071ed801cfc28472c1170c0f8b853d028daef4ab569382c91d3702b2174?s=96&d=mm&r=g","caption":"Francesco Gemin"},"url":"https:\/\/astoria.bo.it\/it\/author\/franc_83kai\/"}]}},"_links":{"self":[{"href":"https:\/\/astoria.bo.it\/it\/wp-json\/wp\/v2\/posts\/3474","targetHints":{"allow":["GET"]}}],"collection":[{"href":"https:\/\/astoria.bo.it\/it\/wp-json\/wp\/v2\/posts"}],"about":[{"href":"https:\/\/astoria.bo.it\/it\/wp-json\/wp\/v2\/types\/post"}],"author":[{"embeddable":true,"href":"https:\/\/astoria.bo.it\/it\/wp-json\/wp\/v2\/users\/3"}],"replies":[{"embeddable":true,"href":"https:\/\/astoria.bo.it\/it\/wp-json\/wp\/v2\/comments?post=3474"}],"version-history":[{"count":0,"href":"https:\/\/astoria.bo.it\/it\/wp-json\/wp\/v2\/posts\/3474\/revisions"}],"wp:featuredmedia":[{"embeddable":true,"href":"https:\/\/astoria.bo.it\/it\/wp-json\/wp\/v2\/media\/3475"}],"wp:attachment":[{"href":"https:\/\/astoria.bo.it\/it\/wp-json\/wp\/v2\/media?parent=3474"}],"wp:term":[{"taxonomy":"category","embeddable":true,"href":"https:\/\/astoria.bo.it\/it\/wp-json\/wp\/v2\/categories?post=3474"},{"taxonomy":"post_tag","embeddable":true,"href":"https:\/\/astoria.bo.it\/it\/wp-json\/wp\/v2\/tags?post=3474"}],"curies":[{"name":"wp","href":"https:\/\/api.w.org\/{rel}","templated":true}]}}