{"id":3380,"date":"2024-04-02T11:39:02","date_gmt":"2024-04-02T09:39:02","guid":{"rendered":"https:\/\/www.astoria.bo.it\/?p=3380"},"modified":"2024-04-02T11:39:02","modified_gmt":"2024-04-02T09:39:02","slug":"i-luoghi-di-lucio-dalla","status":"publish","type":"post","link":"https:\/\/astoria.bo.it\/it\/i-luoghi-di-lucio-dalla\/","title":{"rendered":"I luoghi di Lucio Dalla"},"content":{"rendered":"<p>Lucio Dalla \u00e8 e sar\u00e0 per sempre uno dei personaggi pi\u00f9 amati di Bologna. Nato e cresciuto nella citt\u00e0 felsinea, il cantautore e Bologna sono stati legati da un sottile filo rosso, fatto di canzoni e luoghi che l&#8217;hanno ispirato.<\/p>\n<p>In questo articolo ti racconteremo quali le piazze, le strade e i palazzi che hanno avuto un ruolo fondamentale nella sua vita. Scopri una Bologna originale e insolita sui passi di Lucio Dalla.<\/p>\n<p><strong>Casa Museo, in via d&#8217;Azeglio<\/strong><br \/>\nIl tour parte dalla casa bolognese di via d&#8217;Azeglio numero 15. Sulla facciata di questo elegante palazzo bolognese del Quattrocento oggi c&#8217;\u00e8 la targa che fa riferimento alla Fondazione Lucio Dalla. Fino a qualche anno fa, si potevano leggere i due campanelli con i nomi &#8220;Comm. Domenico Sputo&#8221; e &#8220;Avvocato Alvaro Tritone&#8221;. Entrambi gli pseudonimi erano stati inventati dall&#8217;artista per ingannare i curiosi. Qui il cantautore trovava ispirazione, dopo aver passeggiato tra i caff\u00e8 e le boutique, mentre oggi \u00e8 un museo e un luogo di pellegrinaggio per i fan. Durante la visita potrai ammirare la stanza Caruso, ancora oggi sede dell&#8217;etichetta discografica fondata da Lucio Dalla, la stanza delle Colonne, un magnifico salotto che esprime lo splendore artistico dei palazzi bolognesi, e il suo studio dove riceveva i suoi pi\u00f9 stretti collaboratori.<\/p>\n<p><strong>Piazza de&#8217; Celestini<br \/>\n<\/strong>In questa piazza \u00e8 possibile ammirare un&#8217;installazione che ricorda Lucio Dalla. Guardando in s\u00f9, verso il balconcino del suo studio, si pu\u00f2 vedere una rete metallica che lo ritrae mentre suona il sax, circondato dai gabbiani.<\/p>\n<p><strong>Piazza Cavour<br \/>\n<\/strong>In Piazza Cavour, al civico n.2, nacque Lucio Dalla, il 4 marzo 1943 e al contrario di quello che molti credono, la &#8220;Piazza Grande&#8221; della canzone non \u00e8 Piazza Maggiore, ma Piazza Cavour. Qui infatti si trova la sua statua, seduta su una panchina, come a godersi il passaggio di gente.<\/p>\n<p><strong>Piazza e Basilica di San Domenico<br \/>\n<\/strong>In questa raffinata piazza, il piccolo Lucio Dalla, da bambino, veniva a giocare con gli altri bambini del quartiere. All&#8217;interno della Basilica invece, una volta adulto, andava a pregare.<\/p>\n<p><strong>Via degli Orefici<br \/>\n<\/strong>La via del jazz bolognese, Via degli Orefici, ricorda alcuni dei pi\u00f9 grandi musicisti al mondo che hanno suonato in citt\u00e0 con una serie di stelle bianche e dorate lungo il marciapiede. Naturalmente anche Lucio Dalla ha la sua stella, trovala in mezzo alle altre!<br \/>\nIl jazz ha sicuramente giocato un ruolo imporante nella vita del cantautore, che impar\u00f2 a suonare il clarinetto da autodidatta nella famosa Dr. Dixie Jazz Band, esibendosi poi nel Kinki Club, uno dei pi\u00f9 famosi jazz club a Bologna.<\/p>\n<p><strong>Stadio Renato Dall&#8217;Ara<br \/>\n<\/strong>Lucio Dalla era un grande amante dello sport, oltre che di Bologna. Il calcio, in particolare, aveva un posto speciale nel suo cuore e non era raro incontrarlo sugli spalti dello stadio Dall&#8217;Ara con una sciarpa rosso-blu al collo. Alle imprese epiche di Baggio, nei suoi anni bolognesi, Dalla dedic\u00f2 addirittura una canzone, &#8220;Baggio Baggio&#8221;. L&#8217;ultima tappa di questo tour non poteva quindi che essere proprio lo stadio.<\/p>\n<p>Che ne dici di seguire le orme di Lucio Dalla durante il tuo prossimo soggiorno all&#8217;Hotel Astoria?<\/p>\n","protected":false},"excerpt":{"rendered":"<p>Lucio Dalla \u00e8 e sar\u00e0 per sempre uno dei personaggi pi\u00f9 amati di Bologna. Nato e cresciuto nella citt\u00e0 felsinea, il cantautore e Bologna sono stati legati da un sottile filo rosso, fatto di canzoni e luoghi che l&#8217;hanno ispirato. In questo articolo ti racconteremo quali le piazze, le strade e i palazzi che hanno [&hellip;]<\/p>\n","protected":false},"author":3,"featured_media":3382,"comment_status":"open","ping_status":"closed","sticky":false,"template":"","format":"standard","meta":{"_acf_changed":false,"footnotes":""},"categories":[26],"tags":[],"class_list":["post-3380","post","type-post","status-publish","format-standard","has-post-thumbnail","hentry","category-bologna"],"acf":[],"yoast_head":"<!-- This site is optimized with the Yoast SEO plugin v27.3 - https:\/\/yoast.com\/product\/yoast-seo-wordpress\/ -->\n<title>I luoghi di Lucio Dalla - Hotel Astoria Bologna<\/title>\n<meta name=\"robots\" content=\"index, follow, max-snippet:-1, max-image-preview:large, max-video-preview:-1\" \/>\n<link rel=\"canonical\" href=\"https:\/\/astoria.bo.it\/it\/i-luoghi-di-lucio-dalla\/\" \/>\n<meta property=\"og:locale\" content=\"it_IT\" \/>\n<meta property=\"og:type\" content=\"article\" \/>\n<meta property=\"og:title\" content=\"I luoghi di Lucio Dalla - Hotel Astoria Bologna\" \/>\n<meta property=\"og:description\" content=\"Lucio Dalla \u00e8 e sar\u00e0 per sempre uno dei personaggi pi\u00f9 amati di Bologna. Nato e cresciuto nella citt\u00e0 felsinea, il cantautore e Bologna sono stati legati da un sottile filo rosso, fatto di canzoni e luoghi che l&#8217;hanno ispirato. In questo articolo ti racconteremo quali le piazze, le strade e i palazzi che hanno [&hellip;]\" \/>\n<meta property=\"og:url\" content=\"https:\/\/astoria.bo.it\/it\/i-luoghi-di-lucio-dalla\/\" \/>\n<meta property=\"og:site_name\" content=\"Hotel Astoria Bologna\" \/>\n<meta property=\"article:published_time\" content=\"2024-04-02T09:39:02+00:00\" \/>\n<meta property=\"og:image\" content=\"https:\/\/astoria.bo.it\/wp-content\/uploads\/2024\/04\/articoli-astoria-bologna.jpeg\" \/>\n\t<meta property=\"og:image:width\" content=\"1920\" \/>\n\t<meta property=\"og:image:height\" content=\"1080\" \/>\n\t<meta property=\"og:image:type\" content=\"image\/jpeg\" \/>\n<meta name=\"author\" content=\"Francesco Gemin\" \/>\n<meta name=\"twitter:card\" content=\"summary_large_image\" \/>\n<meta name=\"twitter:label1\" content=\"Scritto da\" \/>\n\t<meta name=\"twitter:data1\" content=\"Francesco Gemin\" \/>\n\t<meta name=\"twitter:label2\" content=\"Tempo di lettura stimato\" \/>\n\t<meta name=\"twitter:data2\" content=\"3 minuti\" \/>\n<script type=\"application\/ld+json\" class=\"yoast-schema-graph\">{\"@context\":\"https:\\\/\\\/schema.org\",\"@graph\":[{\"@type\":\"Article\",\"@id\":\"https:\\\/\\\/astoria.bo.it\\\/it\\\/i-luoghi-di-lucio-dalla\\\/#article\",\"isPartOf\":{\"@id\":\"https:\\\/\\\/astoria.bo.it\\\/it\\\/i-luoghi-di-lucio-dalla\\\/\"},\"author\":{\"name\":\"Francesco Gemin\",\"@id\":\"https:\\\/\\\/astoria.bo.it\\\/it\\\/#\\\/schema\\\/person\\\/8949b71bfa9def19232cff24cbc37123\"},\"headline\":\"I luoghi di Lucio Dalla\",\"datePublished\":\"2024-04-02T09:39:02+00:00\",\"mainEntityOfPage\":{\"@id\":\"https:\\\/\\\/astoria.bo.it\\\/it\\\/i-luoghi-di-lucio-dalla\\\/\"},\"wordCount\":522,\"commentCount\":0,\"publisher\":{\"@id\":\"https:\\\/\\\/astoria.bo.it\\\/it\\\/#organization\"},\"image\":{\"@id\":\"https:\\\/\\\/astoria.bo.it\\\/it\\\/i-luoghi-di-lucio-dalla\\\/#primaryimage\"},\"thumbnailUrl\":\"https:\\\/\\\/astoria.bo.it\\\/wp-content\\\/uploads\\\/2024\\\/04\\\/articoli-astoria-bologna.jpeg\",\"articleSection\":[\"Bologna\"],\"inLanguage\":\"it-IT\",\"potentialAction\":[{\"@type\":\"CommentAction\",\"name\":\"Comment\",\"target\":[\"https:\\\/\\\/astoria.bo.it\\\/it\\\/i-luoghi-di-lucio-dalla\\\/#respond\"]}]},{\"@type\":\"WebPage\",\"@id\":\"https:\\\/\\\/astoria.bo.it\\\/it\\\/i-luoghi-di-lucio-dalla\\\/\",\"url\":\"https:\\\/\\\/astoria.bo.it\\\/it\\\/i-luoghi-di-lucio-dalla\\\/\",\"name\":\"I luoghi di Lucio Dalla - Hotel Astoria Bologna\",\"isPartOf\":{\"@id\":\"https:\\\/\\\/astoria.bo.it\\\/it\\\/#website\"},\"primaryImageOfPage\":{\"@id\":\"https:\\\/\\\/astoria.bo.it\\\/it\\\/i-luoghi-di-lucio-dalla\\\/#primaryimage\"},\"image\":{\"@id\":\"https:\\\/\\\/astoria.bo.it\\\/it\\\/i-luoghi-di-lucio-dalla\\\/#primaryimage\"},\"thumbnailUrl\":\"https:\\\/\\\/astoria.bo.it\\\/wp-content\\\/uploads\\\/2024\\\/04\\\/articoli-astoria-bologna.jpeg\",\"datePublished\":\"2024-04-02T09:39:02+00:00\",\"breadcrumb\":{\"@id\":\"https:\\\/\\\/astoria.bo.it\\\/it\\\/i-luoghi-di-lucio-dalla\\\/#breadcrumb\"},\"inLanguage\":\"it-IT\",\"potentialAction\":[{\"@type\":\"ReadAction\",\"target\":[\"https:\\\/\\\/astoria.bo.it\\\/it\\\/i-luoghi-di-lucio-dalla\\\/\"]}]},{\"@type\":\"ImageObject\",\"inLanguage\":\"it-IT\",\"@id\":\"https:\\\/\\\/astoria.bo.it\\\/it\\\/i-luoghi-di-lucio-dalla\\\/#primaryimage\",\"url\":\"https:\\\/\\\/astoria.bo.it\\\/wp-content\\\/uploads\\\/2024\\\/04\\\/articoli-astoria-bologna.jpeg\",\"contentUrl\":\"https:\\\/\\\/astoria.bo.it\\\/wp-content\\\/uploads\\\/2024\\\/04\\\/articoli-astoria-bologna.jpeg\",\"width\":1920,\"height\":1080},{\"@type\":\"BreadcrumbList\",\"@id\":\"https:\\\/\\\/astoria.bo.it\\\/it\\\/i-luoghi-di-lucio-dalla\\\/#breadcrumb\",\"itemListElement\":[{\"@type\":\"ListItem\",\"position\":1,\"name\":\"Home\",\"item\":\"https:\\\/\\\/astoria.bo.it\\\/it\\\/\"},{\"@type\":\"ListItem\",\"position\":2,\"name\":\"I luoghi di Lucio Dalla\"}]},{\"@type\":\"WebSite\",\"@id\":\"https:\\\/\\\/astoria.bo.it\\\/it\\\/#website\",\"url\":\"https:\\\/\\\/astoria.bo.it\\\/it\\\/\",\"name\":\"Hotel Astoria Bologna\",\"description\":\"\",\"publisher\":{\"@id\":\"https:\\\/\\\/astoria.bo.it\\\/it\\\/#organization\"},\"potentialAction\":[{\"@type\":\"SearchAction\",\"target\":{\"@type\":\"EntryPoint\",\"urlTemplate\":\"https:\\\/\\\/astoria.bo.it\\\/it\\\/?s={search_term_string}\"},\"query-input\":{\"@type\":\"PropertyValueSpecification\",\"valueRequired\":true,\"valueName\":\"search_term_string\"}}],\"inLanguage\":\"it-IT\"},{\"@type\":\"Organization\",\"@id\":\"https:\\\/\\\/astoria.bo.it\\\/it\\\/#organization\",\"name\":\"Hotel Astoria Bologna\",\"url\":\"https:\\\/\\\/astoria.bo.it\\\/it\\\/\",\"logo\":{\"@type\":\"ImageObject\",\"inLanguage\":\"it-IT\",\"@id\":\"https:\\\/\\\/astoria.bo.it\\\/it\\\/#\\\/schema\\\/logo\\\/image\\\/\",\"url\":\"https:\\\/\\\/astoria.bo.it\\\/wp-content\\\/uploads\\\/2024\\\/10\\\/logo-sito-header.webp\",\"contentUrl\":\"https:\\\/\\\/astoria.bo.it\\\/wp-content\\\/uploads\\\/2024\\\/10\\\/logo-sito-header.webp\",\"width\":165,\"height\":133,\"caption\":\"Hotel Astoria Bologna\"},\"image\":{\"@id\":\"https:\\\/\\\/astoria.bo.it\\\/it\\\/#\\\/schema\\\/logo\\\/image\\\/\"}},{\"@type\":\"Person\",\"@id\":\"https:\\\/\\\/astoria.bo.it\\\/it\\\/#\\\/schema\\\/person\\\/8949b71bfa9def19232cff24cbc37123\",\"name\":\"Francesco Gemin\",\"image\":{\"@type\":\"ImageObject\",\"inLanguage\":\"it-IT\",\"@id\":\"https:\\\/\\\/secure.gravatar.com\\\/avatar\\\/584fc071ed801cfc28472c1170c0f8b853d028daef4ab569382c91d3702b2174?s=96&d=mm&r=g\",\"url\":\"https:\\\/\\\/secure.gravatar.com\\\/avatar\\\/584fc071ed801cfc28472c1170c0f8b853d028daef4ab569382c91d3702b2174?s=96&d=mm&r=g\",\"contentUrl\":\"https:\\\/\\\/secure.gravatar.com\\\/avatar\\\/584fc071ed801cfc28472c1170c0f8b853d028daef4ab569382c91d3702b2174?s=96&d=mm&r=g\",\"caption\":\"Francesco Gemin\"},\"url\":\"https:\\\/\\\/astoria.bo.it\\\/it\\\/author\\\/franc_83kai\\\/\"}]}<\/script>\n<!-- \/ Yoast SEO plugin. -->","yoast_head_json":{"title":"I luoghi di Lucio Dalla - Hotel Astoria Bologna","robots":{"index":"index","follow":"follow","max-snippet":"max-snippet:-1","max-image-preview":"max-image-preview:large","max-video-preview":"max-video-preview:-1"},"canonical":"https:\/\/astoria.bo.it\/it\/i-luoghi-di-lucio-dalla\/","og_locale":"it_IT","og_type":"article","og_title":"I luoghi di Lucio Dalla - Hotel Astoria Bologna","og_description":"Lucio Dalla \u00e8 e sar\u00e0 per sempre uno dei personaggi pi\u00f9 amati di Bologna. Nato e cresciuto nella citt\u00e0 felsinea, il cantautore e Bologna sono stati legati da un sottile filo rosso, fatto di canzoni e luoghi che l&#8217;hanno ispirato. In questo articolo ti racconteremo quali le piazze, le strade e i palazzi che hanno [&hellip;]","og_url":"https:\/\/astoria.bo.it\/it\/i-luoghi-di-lucio-dalla\/","og_site_name":"Hotel Astoria Bologna","article_published_time":"2024-04-02T09:39:02+00:00","og_image":[{"width":1920,"height":1080,"url":"https:\/\/astoria.bo.it\/wp-content\/uploads\/2024\/04\/articoli-astoria-bologna.jpeg","type":"image\/jpeg"}],"author":"Francesco Gemin","twitter_card":"summary_large_image","twitter_misc":{"Scritto da":"Francesco Gemin","Tempo di lettura stimato":"3 minuti"},"schema":{"@context":"https:\/\/schema.org","@graph":[{"@type":"Article","@id":"https:\/\/astoria.bo.it\/it\/i-luoghi-di-lucio-dalla\/#article","isPartOf":{"@id":"https:\/\/astoria.bo.it\/it\/i-luoghi-di-lucio-dalla\/"},"author":{"name":"Francesco Gemin","@id":"https:\/\/astoria.bo.it\/it\/#\/schema\/person\/8949b71bfa9def19232cff24cbc37123"},"headline":"I luoghi di Lucio Dalla","datePublished":"2024-04-02T09:39:02+00:00","mainEntityOfPage":{"@id":"https:\/\/astoria.bo.it\/it\/i-luoghi-di-lucio-dalla\/"},"wordCount":522,"commentCount":0,"publisher":{"@id":"https:\/\/astoria.bo.it\/it\/#organization"},"image":{"@id":"https:\/\/astoria.bo.it\/it\/i-luoghi-di-lucio-dalla\/#primaryimage"},"thumbnailUrl":"https:\/\/astoria.bo.it\/wp-content\/uploads\/2024\/04\/articoli-astoria-bologna.jpeg","articleSection":["Bologna"],"inLanguage":"it-IT","potentialAction":[{"@type":"CommentAction","name":"Comment","target":["https:\/\/astoria.bo.it\/it\/i-luoghi-di-lucio-dalla\/#respond"]}]},{"@type":"WebPage","@id":"https:\/\/astoria.bo.it\/it\/i-luoghi-di-lucio-dalla\/","url":"https:\/\/astoria.bo.it\/it\/i-luoghi-di-lucio-dalla\/","name":"I luoghi di Lucio Dalla - Hotel Astoria Bologna","isPartOf":{"@id":"https:\/\/astoria.bo.it\/it\/#website"},"primaryImageOfPage":{"@id":"https:\/\/astoria.bo.it\/it\/i-luoghi-di-lucio-dalla\/#primaryimage"},"image":{"@id":"https:\/\/astoria.bo.it\/it\/i-luoghi-di-lucio-dalla\/#primaryimage"},"thumbnailUrl":"https:\/\/astoria.bo.it\/wp-content\/uploads\/2024\/04\/articoli-astoria-bologna.jpeg","datePublished":"2024-04-02T09:39:02+00:00","breadcrumb":{"@id":"https:\/\/astoria.bo.it\/it\/i-luoghi-di-lucio-dalla\/#breadcrumb"},"inLanguage":"it-IT","potentialAction":[{"@type":"ReadAction","target":["https:\/\/astoria.bo.it\/it\/i-luoghi-di-lucio-dalla\/"]}]},{"@type":"ImageObject","inLanguage":"it-IT","@id":"https:\/\/astoria.bo.it\/it\/i-luoghi-di-lucio-dalla\/#primaryimage","url":"https:\/\/astoria.bo.it\/wp-content\/uploads\/2024\/04\/articoli-astoria-bologna.jpeg","contentUrl":"https:\/\/astoria.bo.it\/wp-content\/uploads\/2024\/04\/articoli-astoria-bologna.jpeg","width":1920,"height":1080},{"@type":"BreadcrumbList","@id":"https:\/\/astoria.bo.it\/it\/i-luoghi-di-lucio-dalla\/#breadcrumb","itemListElement":[{"@type":"ListItem","position":1,"name":"Home","item":"https:\/\/astoria.bo.it\/it\/"},{"@type":"ListItem","position":2,"name":"I luoghi di Lucio Dalla"}]},{"@type":"WebSite","@id":"https:\/\/astoria.bo.it\/it\/#website","url":"https:\/\/astoria.bo.it\/it\/","name":"Hotel Astoria Bologna","description":"","publisher":{"@id":"https:\/\/astoria.bo.it\/it\/#organization"},"potentialAction":[{"@type":"SearchAction","target":{"@type":"EntryPoint","urlTemplate":"https:\/\/astoria.bo.it\/it\/?s={search_term_string}"},"query-input":{"@type":"PropertyValueSpecification","valueRequired":true,"valueName":"search_term_string"}}],"inLanguage":"it-IT"},{"@type":"Organization","@id":"https:\/\/astoria.bo.it\/it\/#organization","name":"Hotel Astoria Bologna","url":"https:\/\/astoria.bo.it\/it\/","logo":{"@type":"ImageObject","inLanguage":"it-IT","@id":"https:\/\/astoria.bo.it\/it\/#\/schema\/logo\/image\/","url":"https:\/\/astoria.bo.it\/wp-content\/uploads\/2024\/10\/logo-sito-header.webp","contentUrl":"https:\/\/astoria.bo.it\/wp-content\/uploads\/2024\/10\/logo-sito-header.webp","width":165,"height":133,"caption":"Hotel Astoria Bologna"},"image":{"@id":"https:\/\/astoria.bo.it\/it\/#\/schema\/logo\/image\/"}},{"@type":"Person","@id":"https:\/\/astoria.bo.it\/it\/#\/schema\/person\/8949b71bfa9def19232cff24cbc37123","name":"Francesco Gemin","image":{"@type":"ImageObject","inLanguage":"it-IT","@id":"https:\/\/secure.gravatar.com\/avatar\/584fc071ed801cfc28472c1170c0f8b853d028daef4ab569382c91d3702b2174?s=96&d=mm&r=g","url":"https:\/\/secure.gravatar.com\/avatar\/584fc071ed801cfc28472c1170c0f8b853d028daef4ab569382c91d3702b2174?s=96&d=mm&r=g","contentUrl":"https:\/\/secure.gravatar.com\/avatar\/584fc071ed801cfc28472c1170c0f8b853d028daef4ab569382c91d3702b2174?s=96&d=mm&r=g","caption":"Francesco Gemin"},"url":"https:\/\/astoria.bo.it\/it\/author\/franc_83kai\/"}]}},"_links":{"self":[{"href":"https:\/\/astoria.bo.it\/it\/wp-json\/wp\/v2\/posts\/3380","targetHints":{"allow":["GET"]}}],"collection":[{"href":"https:\/\/astoria.bo.it\/it\/wp-json\/wp\/v2\/posts"}],"about":[{"href":"https:\/\/astoria.bo.it\/it\/wp-json\/wp\/v2\/types\/post"}],"author":[{"embeddable":true,"href":"https:\/\/astoria.bo.it\/it\/wp-json\/wp\/v2\/users\/3"}],"replies":[{"embeddable":true,"href":"https:\/\/astoria.bo.it\/it\/wp-json\/wp\/v2\/comments?post=3380"}],"version-history":[{"count":0,"href":"https:\/\/astoria.bo.it\/it\/wp-json\/wp\/v2\/posts\/3380\/revisions"}],"wp:featuredmedia":[{"embeddable":true,"href":"https:\/\/astoria.bo.it\/it\/wp-json\/wp\/v2\/media\/3382"}],"wp:attachment":[{"href":"https:\/\/astoria.bo.it\/it\/wp-json\/wp\/v2\/media?parent=3380"}],"wp:term":[{"taxonomy":"category","embeddable":true,"href":"https:\/\/astoria.bo.it\/it\/wp-json\/wp\/v2\/categories?post=3380"},{"taxonomy":"post_tag","embeddable":true,"href":"https:\/\/astoria.bo.it\/it\/wp-json\/wp\/v2\/tags?post=3380"}],"curies":[{"name":"wp","href":"https:\/\/api.w.org\/{rel}","templated":true}]}}