{"id":5947,"date":"2024-12-11T16:24:55","date_gmt":"2024-12-11T15:24:55","guid":{"rendered":"https:\/\/astoria.promoservicebeta.com\/bologna-das-maerchen-von-atalanta-guido-reni-und-die-dichter-in-der-pinacoteca-nazionale\/"},"modified":"2025-03-07T17:12:12","modified_gmt":"2025-03-07T16:12:12","slug":"bologna-das-maerchen-von-atalanta-guido-reni-und-die-dichter-in-der-pinacoteca-nazionale","status":"publish","type":"post","link":"https:\/\/astoria.bo.it\/de\/bologna-das-maerchen-von-atalanta-guido-reni-und-die-dichter-in-der-pinacoteca-nazionale\/","title":{"rendered":"Bologna: &#8222;Das M\u00e4rchen von Atalanta. Guido Reni und die Dichter&#8220; in der Pinacoteca Nazionale"},"content":{"rendered":"<p>Bis zum 16. Februar 2025 beherbergt die Pinacoteca Nazionale in Bologna ein Ereignis von gro\u00dfer Anziehungskraft und kultureller Bedeutung: die Ausstellung &#8218;La favola di Atalanta. Guido Reni und die Dichter&#8220;.<\/p>\n<p>Die von Giulia Iseppi, Raffaella Morselli und Maria Luisa Pacelli kuratierte Ausstellung ist in einen Kontext erneuter Studien \u00fcber den Bologneser Meister eingebettet, einen K\u00fcnstler, dessen Einfluss in j\u00fcngster Zeit Gegenstand prestigetr\u00e4chtiger Ausstellungen in einigen der wichtigsten Museumsinstitutionen Europas war, wie dem St\u00e4del Museum in Frankfurt, der Galleria Borghese in Rom und dem Museo del Prado in Madrid. Heute ist die Pinacoteca di Bologna ein kultureller Leuchtturm, der nicht nur die Figur Reni feiert, sondern auch den literarischen und k\u00fcnstlerischen Kontext, der ihn umgab, indem er einen dynamischen Dialog zwischen Bildern und Worten schafft. <\/p>\n<p>Schon der Titel erinnert an die mythologische Figur der Atalanta, ein Symbol f\u00fcr St\u00e4rke und Sch\u00f6nheit, eine Figur, die mit Themen wie Verwandlung und Eroberung verbunden ist. Renis Werke werden in der Ausstellung von Gem\u00e4lden, Stichen und gedruckten B\u00e4nden flankiert, die davon erz\u00e4hlen, wie die Dichter der Zeit, darunter prominente Namen wie Giovanni Battista Marino, Andrea Barbazza und Cesare Rinaldi, die Essenz dieser Werke verewigen konnten und sie zu Ikonen in der kulturellen Landschaft der damaligen Zeit machten.<\/p>\n<p>Ein leuchtendes Beispiel f\u00fcr diesen Austausch ist die ber\u00fchmte &#8218;Strage degli Innocenti&#8216;, ein Meisterwerk, das eine unvergleichliche emotionale Kraft und technische Meisterschaft vermittelt. Tats\u00e4chlich schrieb Marino eine poetische Beschreibung, die das Werk nicht nur feierte, sondern auch sein Gl\u00fcck bei seinen Zeitgenossen besiegelte. Diese Begegnung zwischen Kunst und Poesie ist der rote Faden, der den Besucher durch die R\u00e4ume der Ausstellung f\u00fchren wird.  <\/p>\n<p>Die Ausstellung entfaltet sich inmitten der Werke der gro\u00dfen Bologneser Meister des 16. und 17. Jahrhunderts: Ludovico und Agostino Carracci, Lavinia Fontana, Artemisia Gentileschi, neben Guido Reni. Diese Kreationen sind nicht nur das Ergebnis individueller Genialit\u00e4t, sondern auch Ausdruck eines fruchtbaren und vernetzten kulturellen Umfelds, in dem sich K\u00fcnstler und Dichter gegenseitig beeinflussten. <\/p>\n<p>Animierte Besichtigungen, Workshops f\u00fcr Schulen und Familien sowie vertiefende Veranstaltungen f\u00fcr Erwachsene werden es den Besuchern erm\u00f6glichen, mit den Werken auf direkte und ansprechende Weise zu interagieren und die Kunst zug\u00e4nglich und lebendig zu machen. Da viele der Initiativen kostenlos sind, hoffen wir, ein vielseitiges und neugieriges Publikum anzulocken, das die faszinierende Welt von Atalanta und Reni entdecken und kennenlernen m\u00f6chte. <\/p>\n<p>&#8222;Das M\u00e4rchen von Atalanta. Guido Reni und die Dichter&#8220; ist nicht nur eine Ausstellung, sondern ein Erlebnis, eine Begegnung zwischen der Leinwand und der geschriebenen Seite, bei der jedes Werk eine Geschichte, jeder Vers eine Vision erz\u00e4hlt und so die T\u00fcr zu einem Dialog \u00f6ffnet, der die Jahrhunderte \u00fcberspannt, um die Gegenwart zu erhellen.<\/p>\n<p>Buchen Sie jetzt Ihren n\u00e4chsten Aufenthalt in Bologna!<\/p>\n","protected":false},"excerpt":{"rendered":"<p>Bis zum 16. Februar 2025 beherbergt die Pinacoteca Nazionale in Bologna ein Ereignis von gro\u00dfer Anziehungskraft und kultureller Bedeutung: die Ausstellung &#8218;La favola di Atalanta. Guido Reni und die Dichter&#8220;. Die von Giulia Iseppi, Raffaella Morselli und Maria Luisa Pacelli kuratierte Ausstellung ist in einen Kontext erneuter Studien \u00fcber den Bologneser Meister eingebettet, einen K\u00fcnstler, [&hellip;]<\/p>\n","protected":false},"author":3,"featured_media":6146,"comment_status":"closed","ping_status":"closed","sticky":false,"template":"","format":"standard","meta":{"_acf_changed":false,"footnotes":""},"categories":[29],"tags":[],"class_list":["post-5947","post","type-post","status-publish","format-standard","has-post-thumbnail","hentry","category-bologna-de"],"acf":[],"yoast_head":"<!-- This site is optimized with the Yoast SEO plugin v27.3 - https:\/\/yoast.com\/product\/yoast-seo-wordpress\/ -->\n<title>Bologna: &quot;Das M\u00e4rchen von Atalanta. Guido Reni und die Dichter&quot; in der Pinacoteca Nazionale - Hotel Astoria Bologna<\/title>\n<meta name=\"robots\" content=\"index, follow, max-snippet:-1, max-image-preview:large, max-video-preview:-1\" \/>\n<link rel=\"canonical\" href=\"https:\/\/astoria.bo.it\/de\/bologna-das-maerchen-von-atalanta-guido-reni-und-die-dichter-in-der-pinacoteca-nazionale\/\" \/>\n<meta property=\"og:locale\" content=\"de_DE\" \/>\n<meta property=\"og:type\" content=\"article\" \/>\n<meta property=\"og:title\" content=\"Bologna: &quot;Das M\u00e4rchen von Atalanta. Guido Reni und die Dichter&quot; in der Pinacoteca Nazionale - Hotel Astoria Bologna\" \/>\n<meta property=\"og:description\" content=\"Bis zum 16. Februar 2025 beherbergt die Pinacoteca Nazionale in Bologna ein Ereignis von gro\u00dfer Anziehungskraft und kultureller Bedeutung: die Ausstellung &#8218;La favola di Atalanta. Guido Reni und die Dichter&#8220;. Die von Giulia Iseppi, Raffaella Morselli und Maria Luisa Pacelli kuratierte Ausstellung ist in einen Kontext erneuter Studien \u00fcber den Bologneser Meister eingebettet, einen K\u00fcnstler, [&hellip;]\" \/>\n<meta property=\"og:url\" content=\"https:\/\/astoria.bo.it\/de\/bologna-das-maerchen-von-atalanta-guido-reni-und-die-dichter-in-der-pinacoteca-nazionale\/\" \/>\n<meta property=\"og:site_name\" content=\"Hotel Astoria Bologna\" \/>\n<meta property=\"article:published_time\" content=\"2024-12-11T15:24:55+00:00\" \/>\n<meta property=\"article:modified_time\" content=\"2025-03-07T16:12:12+00:00\" \/>\n<meta property=\"og:image\" content=\"https:\/\/astoria.bo.it\/wp-content\/uploads\/2024\/12\/articoli-astoria-bologna-11-1.jpeg\" \/>\n\t<meta property=\"og:image:width\" content=\"1200\" \/>\n\t<meta property=\"og:image:height\" content=\"768\" \/>\n\t<meta property=\"og:image:type\" content=\"image\/jpeg\" \/>\n<meta name=\"author\" content=\"Francesco Gemin\" \/>\n<meta name=\"twitter:card\" content=\"summary_large_image\" \/>\n<meta name=\"twitter:label1\" content=\"Verfasst von\" \/>\n\t<meta name=\"twitter:data1\" content=\"Francesco Gemin\" \/>\n\t<meta name=\"twitter:label2\" content=\"Gesch\u00e4tzte Lesezeit\" \/>\n\t<meta name=\"twitter:data2\" content=\"3\u00a0Minuten\" \/>\n<script type=\"application\/ld+json\" class=\"yoast-schema-graph\">{\"@context\":\"https:\\\/\\\/schema.org\",\"@graph\":[{\"@type\":\"Article\",\"@id\":\"https:\\\/\\\/astoria.bo.it\\\/de\\\/bologna-das-maerchen-von-atalanta-guido-reni-und-die-dichter-in-der-pinacoteca-nazionale\\\/#article\",\"isPartOf\":{\"@id\":\"https:\\\/\\\/astoria.bo.it\\\/de\\\/bologna-das-maerchen-von-atalanta-guido-reni-und-die-dichter-in-der-pinacoteca-nazionale\\\/\"},\"author\":{\"name\":\"Francesco Gemin\",\"@id\":\"https:\\\/\\\/astoria.bo.it\\\/de\\\/#\\\/schema\\\/person\\\/8949b71bfa9def19232cff24cbc37123\"},\"headline\":\"Bologna: &#8222;Das M\u00e4rchen von Atalanta. Guido Reni und die Dichter&#8220; in der Pinacoteca Nazionale\",\"datePublished\":\"2024-12-11T15:24:55+00:00\",\"dateModified\":\"2025-03-07T16:12:12+00:00\",\"mainEntityOfPage\":{\"@id\":\"https:\\\/\\\/astoria.bo.it\\\/de\\\/bologna-das-maerchen-von-atalanta-guido-reni-und-die-dichter-in-der-pinacoteca-nazionale\\\/\"},\"wordCount\":482,\"publisher\":{\"@id\":\"https:\\\/\\\/astoria.bo.it\\\/de\\\/#organization\"},\"image\":{\"@id\":\"https:\\\/\\\/astoria.bo.it\\\/de\\\/bologna-das-maerchen-von-atalanta-guido-reni-und-die-dichter-in-der-pinacoteca-nazionale\\\/#primaryimage\"},\"thumbnailUrl\":\"https:\\\/\\\/astoria.bo.it\\\/wp-content\\\/uploads\\\/2024\\\/12\\\/articoli-astoria-bologna-11-1.jpeg\",\"articleSection\":[\"Bologna\"],\"inLanguage\":\"de\"},{\"@type\":\"WebPage\",\"@id\":\"https:\\\/\\\/astoria.bo.it\\\/de\\\/bologna-das-maerchen-von-atalanta-guido-reni-und-die-dichter-in-der-pinacoteca-nazionale\\\/\",\"url\":\"https:\\\/\\\/astoria.bo.it\\\/de\\\/bologna-das-maerchen-von-atalanta-guido-reni-und-die-dichter-in-der-pinacoteca-nazionale\\\/\",\"name\":\"Bologna: \\\"Das M\u00e4rchen von Atalanta. Guido Reni und die Dichter\\\" in der Pinacoteca Nazionale - Hotel Astoria Bologna\",\"isPartOf\":{\"@id\":\"https:\\\/\\\/astoria.bo.it\\\/de\\\/#website\"},\"primaryImageOfPage\":{\"@id\":\"https:\\\/\\\/astoria.bo.it\\\/de\\\/bologna-das-maerchen-von-atalanta-guido-reni-und-die-dichter-in-der-pinacoteca-nazionale\\\/#primaryimage\"},\"image\":{\"@id\":\"https:\\\/\\\/astoria.bo.it\\\/de\\\/bologna-das-maerchen-von-atalanta-guido-reni-und-die-dichter-in-der-pinacoteca-nazionale\\\/#primaryimage\"},\"thumbnailUrl\":\"https:\\\/\\\/astoria.bo.it\\\/wp-content\\\/uploads\\\/2024\\\/12\\\/articoli-astoria-bologna-11-1.jpeg\",\"datePublished\":\"2024-12-11T15:24:55+00:00\",\"dateModified\":\"2025-03-07T16:12:12+00:00\",\"breadcrumb\":{\"@id\":\"https:\\\/\\\/astoria.bo.it\\\/de\\\/bologna-das-maerchen-von-atalanta-guido-reni-und-die-dichter-in-der-pinacoteca-nazionale\\\/#breadcrumb\"},\"inLanguage\":\"de\",\"potentialAction\":[{\"@type\":\"ReadAction\",\"target\":[\"https:\\\/\\\/astoria.bo.it\\\/de\\\/bologna-das-maerchen-von-atalanta-guido-reni-und-die-dichter-in-der-pinacoteca-nazionale\\\/\"]}]},{\"@type\":\"ImageObject\",\"inLanguage\":\"de\",\"@id\":\"https:\\\/\\\/astoria.bo.it\\\/de\\\/bologna-das-maerchen-von-atalanta-guido-reni-und-die-dichter-in-der-pinacoteca-nazionale\\\/#primaryimage\",\"url\":\"https:\\\/\\\/astoria.bo.it\\\/wp-content\\\/uploads\\\/2024\\\/12\\\/articoli-astoria-bologna-11-1.jpeg\",\"contentUrl\":\"https:\\\/\\\/astoria.bo.it\\\/wp-content\\\/uploads\\\/2024\\\/12\\\/articoli-astoria-bologna-11-1.jpeg\",\"width\":1200,\"height\":768},{\"@type\":\"BreadcrumbList\",\"@id\":\"https:\\\/\\\/astoria.bo.it\\\/de\\\/bologna-das-maerchen-von-atalanta-guido-reni-und-die-dichter-in-der-pinacoteca-nazionale\\\/#breadcrumb\",\"itemListElement\":[{\"@type\":\"ListItem\",\"position\":1,\"name\":\"Home\",\"item\":\"https:\\\/\\\/astoria.bo.it\\\/de\\\/\"},{\"@type\":\"ListItem\",\"position\":2,\"name\":\"Bologna: &#8220;Das M\u00e4rchen von Atalanta. Guido Reni und die Dichter&#8221; in der Pinacoteca Nazionale\"}]},{\"@type\":\"WebSite\",\"@id\":\"https:\\\/\\\/astoria.bo.it\\\/de\\\/#website\",\"url\":\"https:\\\/\\\/astoria.bo.it\\\/de\\\/\",\"name\":\"Hotel Astoria Bologna\",\"description\":\"\",\"publisher\":{\"@id\":\"https:\\\/\\\/astoria.bo.it\\\/de\\\/#organization\"},\"potentialAction\":[{\"@type\":\"SearchAction\",\"target\":{\"@type\":\"EntryPoint\",\"urlTemplate\":\"https:\\\/\\\/astoria.bo.it\\\/de\\\/?s={search_term_string}\"},\"query-input\":{\"@type\":\"PropertyValueSpecification\",\"valueRequired\":true,\"valueName\":\"search_term_string\"}}],\"inLanguage\":\"de\"},{\"@type\":\"Organization\",\"@id\":\"https:\\\/\\\/astoria.bo.it\\\/de\\\/#organization\",\"name\":\"Hotel Astoria Bologna\",\"url\":\"https:\\\/\\\/astoria.bo.it\\\/de\\\/\",\"logo\":{\"@type\":\"ImageObject\",\"inLanguage\":\"de\",\"@id\":\"https:\\\/\\\/astoria.bo.it\\\/de\\\/#\\\/schema\\\/logo\\\/image\\\/\",\"url\":\"https:\\\/\\\/astoria.bo.it\\\/wp-content\\\/uploads\\\/2024\\\/10\\\/logo-sito-header.webp\",\"contentUrl\":\"https:\\\/\\\/astoria.bo.it\\\/wp-content\\\/uploads\\\/2024\\\/10\\\/logo-sito-header.webp\",\"width\":165,\"height\":133,\"caption\":\"Hotel Astoria Bologna\"},\"image\":{\"@id\":\"https:\\\/\\\/astoria.bo.it\\\/de\\\/#\\\/schema\\\/logo\\\/image\\\/\"}},{\"@type\":\"Person\",\"@id\":\"https:\\\/\\\/astoria.bo.it\\\/de\\\/#\\\/schema\\\/person\\\/8949b71bfa9def19232cff24cbc37123\",\"name\":\"Francesco Gemin\",\"image\":{\"@type\":\"ImageObject\",\"inLanguage\":\"de\",\"@id\":\"https:\\\/\\\/secure.gravatar.com\\\/avatar\\\/584fc071ed801cfc28472c1170c0f8b853d028daef4ab569382c91d3702b2174?s=96&d=mm&r=g\",\"url\":\"https:\\\/\\\/secure.gravatar.com\\\/avatar\\\/584fc071ed801cfc28472c1170c0f8b853d028daef4ab569382c91d3702b2174?s=96&d=mm&r=g\",\"contentUrl\":\"https:\\\/\\\/secure.gravatar.com\\\/avatar\\\/584fc071ed801cfc28472c1170c0f8b853d028daef4ab569382c91d3702b2174?s=96&d=mm&r=g\",\"caption\":\"Francesco Gemin\"},\"url\":\"https:\\\/\\\/astoria.bo.it\\\/de\\\/author\\\/franc_83kai\\\/\"}]}<\/script>\n<!-- \/ Yoast SEO plugin. -->","yoast_head_json":{"title":"Bologna: \"Das M\u00e4rchen von Atalanta. Guido Reni und die Dichter\" in der Pinacoteca Nazionale - Hotel Astoria Bologna","robots":{"index":"index","follow":"follow","max-snippet":"max-snippet:-1","max-image-preview":"max-image-preview:large","max-video-preview":"max-video-preview:-1"},"canonical":"https:\/\/astoria.bo.it\/de\/bologna-das-maerchen-von-atalanta-guido-reni-und-die-dichter-in-der-pinacoteca-nazionale\/","og_locale":"de_DE","og_type":"article","og_title":"Bologna: \"Das M\u00e4rchen von Atalanta. Guido Reni und die Dichter\" in der Pinacoteca Nazionale - Hotel Astoria Bologna","og_description":"Bis zum 16. Februar 2025 beherbergt die Pinacoteca Nazionale in Bologna ein Ereignis von gro\u00dfer Anziehungskraft und kultureller Bedeutung: die Ausstellung &#8218;La favola di Atalanta. Guido Reni und die Dichter&#8220;. Die von Giulia Iseppi, Raffaella Morselli und Maria Luisa Pacelli kuratierte Ausstellung ist in einen Kontext erneuter Studien \u00fcber den Bologneser Meister eingebettet, einen K\u00fcnstler, [&hellip;]","og_url":"https:\/\/astoria.bo.it\/de\/bologna-das-maerchen-von-atalanta-guido-reni-und-die-dichter-in-der-pinacoteca-nazionale\/","og_site_name":"Hotel Astoria Bologna","article_published_time":"2024-12-11T15:24:55+00:00","article_modified_time":"2025-03-07T16:12:12+00:00","og_image":[{"width":1200,"height":768,"url":"https:\/\/astoria.bo.it\/wp-content\/uploads\/2024\/12\/articoli-astoria-bologna-11-1.jpeg","type":"image\/jpeg"}],"author":"Francesco Gemin","twitter_card":"summary_large_image","twitter_misc":{"Verfasst von":"Francesco Gemin","Gesch\u00e4tzte Lesezeit":"3\u00a0Minuten"},"schema":{"@context":"https:\/\/schema.org","@graph":[{"@type":"Article","@id":"https:\/\/astoria.bo.it\/de\/bologna-das-maerchen-von-atalanta-guido-reni-und-die-dichter-in-der-pinacoteca-nazionale\/#article","isPartOf":{"@id":"https:\/\/astoria.bo.it\/de\/bologna-das-maerchen-von-atalanta-guido-reni-und-die-dichter-in-der-pinacoteca-nazionale\/"},"author":{"name":"Francesco Gemin","@id":"https:\/\/astoria.bo.it\/de\/#\/schema\/person\/8949b71bfa9def19232cff24cbc37123"},"headline":"Bologna: &#8222;Das M\u00e4rchen von Atalanta. Guido Reni und die Dichter&#8220; in der Pinacoteca Nazionale","datePublished":"2024-12-11T15:24:55+00:00","dateModified":"2025-03-07T16:12:12+00:00","mainEntityOfPage":{"@id":"https:\/\/astoria.bo.it\/de\/bologna-das-maerchen-von-atalanta-guido-reni-und-die-dichter-in-der-pinacoteca-nazionale\/"},"wordCount":482,"publisher":{"@id":"https:\/\/astoria.bo.it\/de\/#organization"},"image":{"@id":"https:\/\/astoria.bo.it\/de\/bologna-das-maerchen-von-atalanta-guido-reni-und-die-dichter-in-der-pinacoteca-nazionale\/#primaryimage"},"thumbnailUrl":"https:\/\/astoria.bo.it\/wp-content\/uploads\/2024\/12\/articoli-astoria-bologna-11-1.jpeg","articleSection":["Bologna"],"inLanguage":"de"},{"@type":"WebPage","@id":"https:\/\/astoria.bo.it\/de\/bologna-das-maerchen-von-atalanta-guido-reni-und-die-dichter-in-der-pinacoteca-nazionale\/","url":"https:\/\/astoria.bo.it\/de\/bologna-das-maerchen-von-atalanta-guido-reni-und-die-dichter-in-der-pinacoteca-nazionale\/","name":"Bologna: \"Das M\u00e4rchen von Atalanta. Guido Reni und die Dichter\" in der Pinacoteca Nazionale - Hotel Astoria Bologna","isPartOf":{"@id":"https:\/\/astoria.bo.it\/de\/#website"},"primaryImageOfPage":{"@id":"https:\/\/astoria.bo.it\/de\/bologna-das-maerchen-von-atalanta-guido-reni-und-die-dichter-in-der-pinacoteca-nazionale\/#primaryimage"},"image":{"@id":"https:\/\/astoria.bo.it\/de\/bologna-das-maerchen-von-atalanta-guido-reni-und-die-dichter-in-der-pinacoteca-nazionale\/#primaryimage"},"thumbnailUrl":"https:\/\/astoria.bo.it\/wp-content\/uploads\/2024\/12\/articoli-astoria-bologna-11-1.jpeg","datePublished":"2024-12-11T15:24:55+00:00","dateModified":"2025-03-07T16:12:12+00:00","breadcrumb":{"@id":"https:\/\/astoria.bo.it\/de\/bologna-das-maerchen-von-atalanta-guido-reni-und-die-dichter-in-der-pinacoteca-nazionale\/#breadcrumb"},"inLanguage":"de","potentialAction":[{"@type":"ReadAction","target":["https:\/\/astoria.bo.it\/de\/bologna-das-maerchen-von-atalanta-guido-reni-und-die-dichter-in-der-pinacoteca-nazionale\/"]}]},{"@type":"ImageObject","inLanguage":"de","@id":"https:\/\/astoria.bo.it\/de\/bologna-das-maerchen-von-atalanta-guido-reni-und-die-dichter-in-der-pinacoteca-nazionale\/#primaryimage","url":"https:\/\/astoria.bo.it\/wp-content\/uploads\/2024\/12\/articoli-astoria-bologna-11-1.jpeg","contentUrl":"https:\/\/astoria.bo.it\/wp-content\/uploads\/2024\/12\/articoli-astoria-bologna-11-1.jpeg","width":1200,"height":768},{"@type":"BreadcrumbList","@id":"https:\/\/astoria.bo.it\/de\/bologna-das-maerchen-von-atalanta-guido-reni-und-die-dichter-in-der-pinacoteca-nazionale\/#breadcrumb","itemListElement":[{"@type":"ListItem","position":1,"name":"Home","item":"https:\/\/astoria.bo.it\/de\/"},{"@type":"ListItem","position":2,"name":"Bologna: &#8220;Das M\u00e4rchen von Atalanta. Guido Reni und die Dichter&#8221; in der Pinacoteca Nazionale"}]},{"@type":"WebSite","@id":"https:\/\/astoria.bo.it\/de\/#website","url":"https:\/\/astoria.bo.it\/de\/","name":"Hotel Astoria Bologna","description":"","publisher":{"@id":"https:\/\/astoria.bo.it\/de\/#organization"},"potentialAction":[{"@type":"SearchAction","target":{"@type":"EntryPoint","urlTemplate":"https:\/\/astoria.bo.it\/de\/?s={search_term_string}"},"query-input":{"@type":"PropertyValueSpecification","valueRequired":true,"valueName":"search_term_string"}}],"inLanguage":"de"},{"@type":"Organization","@id":"https:\/\/astoria.bo.it\/de\/#organization","name":"Hotel Astoria Bologna","url":"https:\/\/astoria.bo.it\/de\/","logo":{"@type":"ImageObject","inLanguage":"de","@id":"https:\/\/astoria.bo.it\/de\/#\/schema\/logo\/image\/","url":"https:\/\/astoria.bo.it\/wp-content\/uploads\/2024\/10\/logo-sito-header.webp","contentUrl":"https:\/\/astoria.bo.it\/wp-content\/uploads\/2024\/10\/logo-sito-header.webp","width":165,"height":133,"caption":"Hotel Astoria Bologna"},"image":{"@id":"https:\/\/astoria.bo.it\/de\/#\/schema\/logo\/image\/"}},{"@type":"Person","@id":"https:\/\/astoria.bo.it\/de\/#\/schema\/person\/8949b71bfa9def19232cff24cbc37123","name":"Francesco Gemin","image":{"@type":"ImageObject","inLanguage":"de","@id":"https:\/\/secure.gravatar.com\/avatar\/584fc071ed801cfc28472c1170c0f8b853d028daef4ab569382c91d3702b2174?s=96&d=mm&r=g","url":"https:\/\/secure.gravatar.com\/avatar\/584fc071ed801cfc28472c1170c0f8b853d028daef4ab569382c91d3702b2174?s=96&d=mm&r=g","contentUrl":"https:\/\/secure.gravatar.com\/avatar\/584fc071ed801cfc28472c1170c0f8b853d028daef4ab569382c91d3702b2174?s=96&d=mm&r=g","caption":"Francesco Gemin"},"url":"https:\/\/astoria.bo.it\/de\/author\/franc_83kai\/"}]}},"_links":{"self":[{"href":"https:\/\/astoria.bo.it\/de\/wp-json\/wp\/v2\/posts\/5947","targetHints":{"allow":["GET"]}}],"collection":[{"href":"https:\/\/astoria.bo.it\/de\/wp-json\/wp\/v2\/posts"}],"about":[{"href":"https:\/\/astoria.bo.it\/de\/wp-json\/wp\/v2\/types\/post"}],"author":[{"embeddable":true,"href":"https:\/\/astoria.bo.it\/de\/wp-json\/wp\/v2\/users\/3"}],"replies":[{"embeddable":true,"href":"https:\/\/astoria.bo.it\/de\/wp-json\/wp\/v2\/comments?post=5947"}],"version-history":[{"count":0,"href":"https:\/\/astoria.bo.it\/de\/wp-json\/wp\/v2\/posts\/5947\/revisions"}],"wp:featuredmedia":[{"embeddable":true,"href":"https:\/\/astoria.bo.it\/de\/wp-json\/wp\/v2\/media\/6146"}],"wp:attachment":[{"href":"https:\/\/astoria.bo.it\/de\/wp-json\/wp\/v2\/media?parent=5947"}],"wp:term":[{"taxonomy":"category","embeddable":true,"href":"https:\/\/astoria.bo.it\/de\/wp-json\/wp\/v2\/categories?post=5947"},{"taxonomy":"post_tag","embeddable":true,"href":"https:\/\/astoria.bo.it\/de\/wp-json\/wp\/v2\/tags?post=5947"}],"curies":[{"name":"wp","href":"https:\/\/api.w.org\/{rel}","templated":true}]}}