{"id":5930,"date":"2024-11-22T15:47:54","date_gmt":"2024-11-22T14:47:54","guid":{"rendered":"https:\/\/astoria.promoservicebeta.com\/grossartige-fotografie-in-bologna-drei-sehenswerte-ausstellungen\/"},"modified":"2025-03-07T17:13:56","modified_gmt":"2025-03-07T16:13:56","slug":"grossartige-fotografie-in-bologna-drei-sehenswerte-ausstellungen","status":"publish","type":"post","link":"https:\/\/astoria.bo.it\/de\/grossartige-fotografie-in-bologna-drei-sehenswerte-ausstellungen\/","title":{"rendered":"Gro\u00dfartige Fotografie in Bologna: drei sehenswerte Ausstellungen"},"content":{"rendered":"<p>Bologna ist eine der lebhaftesten St\u00e4dte Italiens, was kulturelle und k\u00fcnstlerische Veranstaltungen angeht. Heute m\u00f6chten wir Sie auf einen Rundgang durch <strong>drei Fotoausstellungen<\/strong> mitnehmen, die Sie wie eine Reise durch Erinnerungen und Emotionen zum Nachdenken und Tr\u00e4umen bringen werden. Egal, ob Sie ein Enthusiast sind, neugierig oder einfach nur auf der Suche nach einer unterhaltsamen Wochenendaktivit\u00e4t, diese Veranstaltungen sind wirklich unumg\u00e4nglich.  <\/p>\n<p><strong>Tina Modotti im Palazzo<\/strong> <strong>Pallavicini<\/strong><strong><br \/>\nBis zum 16. Februar<\/strong> k\u00f6nnen Sie die <strong>Tina Modotti<\/strong> gewidmete Ausstellung im <strong>Palazzo Pallavicini<\/strong> besuchen. Diese gro\u00dfe Retrospektive \u00fcber die Ikone der Fotografie und politische Aktivistin ist ein gro\u00dfartiger visueller Bericht \u00fcber eine Epoche, die von den 1920er bis zu den 1930er Jahren reicht, als die K\u00fcnstlerin sich in Mexiko aufhielt und von Revolution\u00e4ren umgeben war.<br \/>\nModotti, eine vielseitige K\u00fcnstlerin, war in der Lage, nicht nur Bilder, sondern auch das Wesen ihrer Zeit einzufangen.<br \/>\nIhre emotionsgeladenen Fotos erz\u00e4hlen Geschichten aus dem Alltag, oft mit einem kritischen Blick auf die Welt um sie herum. Mit ihrer Kamera gelang es Tina Modotti, Gesichter, Orte und Gem\u00fctszust\u00e4nde zu verewigen und jede Aufnahme zu einem Meisterwerk zu machen.<br \/>\nDank dieser Ausstellung k\u00f6nnen Sie das Leben dieser au\u00dfergew\u00f6hnlichen Frau und ihre k\u00fcnstlerische Vision entdecken und verstehen, wie Fotografie nicht nur eine Kunst sein kann, sondern auch eine echte soziale Anklage.  <\/p>\n<p><strong>Martin Parr und die Ausstellung &#8218;Short &amp; Sweet&#8216;<br \/>\n<\/strong>Mit der <strong>Ausstellung &#8218;Short &amp; Sweet&#8216; von Martin Parr<\/strong> im <strong>Arch\u00e4ologischen Museum<\/strong> treten wir aus der historischen Dimension von Tina Modotti in die zeitgen\u00f6ssische Welt. Der britische Fotograf, der f\u00fcr seinen ironischen Stil und seine Sozialkritik bekannt ist, bietet uns einen originellen Blick auf das Alltagsleben. Die Ausstellung, die <strong>bis zum 6. Januar 2025<\/strong> zu sehen ist, l\u00e4dt die Besucher dazu ein, \u00fcber Szenen aus dem t\u00e4glichen Leben nachzudenken, die er mit einem aufmerksamen und provokanten Blick eingefangen hat.<br \/>\nParr schafft es, Banalit\u00e4t in Kunst zu verwandeln, und seine oft \u00fcbertriebenen Bilder zeigen die Widerspr\u00fcche auf, die unsere Lebensweise kennzeichnen. Von Touristen an \u00fcberf\u00fcllten Str\u00e4nden bis hin zu allt\u00e4glichen Familienmomenten &#8211; jedes Foto regt zum L\u00e4cheln, zum Lachen oder zum Nachdenken an.   <\/p>\n<p><strong>World Press Photo in der<\/strong> <strong>Galleria Modernissimo<\/strong> <strong><br \/>\n<\/strong>In der <strong>Galleria Modernissimo<\/strong> k\u00f6nnen Sie einige der Aufnahmen des <strong>World Press Photo<\/strong> bewundern, einem der wichtigsten Fotojournalismus-Wettbewerbe der Welt. Diese Ausstellung ist eine au\u00dfergew\u00f6hnliche Gelegenheit zu sehen, wie die Fotografie Geschichten erz\u00e4hlen, Ungerechtigkeit anprangern und Ereignisse dokumentieren kann, die unsere Zeit pr\u00e4gen. Die in der Ausstellung gezeigten Bilder wurden aus einem der renommiertesten Fotowettbewerbe der Welt ausgew\u00e4hlt und bieten einen kraftvollen und bisweilen ersch\u00fctternden Blick auf die Realit\u00e4t. Sie k\u00f6nnen die Ausstellung bis zum 8. Dezember besuchen.   <\/p>\n<p>In dieser Saison ist Bologna mehr denn je ein Paradies f\u00fcr Fotoliebhaber. Verpassen Sie nicht diese Ausstellungen, wir warten auf Sie im Hotel Astoria Bologna! <\/p>\n","protected":false},"excerpt":{"rendered":"<p>Bologna ist eine der lebhaftesten St\u00e4dte Italiens, was kulturelle und k\u00fcnstlerische Veranstaltungen angeht. Heute m\u00f6chten wir Sie auf einen Rundgang durch drei Fotoausstellungen mitnehmen, die Sie wie eine Reise durch Erinnerungen und Emotionen zum Nachdenken und Tr\u00e4umen bringen werden. Egal, ob Sie ein Enthusiast sind, neugierig oder einfach nur auf der Suche nach einer unterhaltsamen [&hellip;]<\/p>\n","protected":false},"author":3,"featured_media":6154,"comment_status":"closed","ping_status":"closed","sticky":false,"template":"","format":"standard","meta":{"_acf_changed":false,"footnotes":""},"categories":[29],"tags":[],"class_list":["post-5930","post","type-post","status-publish","format-standard","has-post-thumbnail","hentry","category-bologna-de"],"acf":[],"yoast_head":"<!-- This site is optimized with the Yoast SEO plugin v27.3 - https:\/\/yoast.com\/product\/yoast-seo-wordpress\/ -->\n<title>Gro\u00dfartige Fotografie in Bologna: drei sehenswerte Ausstellungen - Hotel Astoria Bologna<\/title>\n<meta name=\"description\" content=\"Entdecken Sie drei unverzichtbare Fotoausstellungen in Bologna!\" \/>\n<meta name=\"robots\" content=\"index, follow, max-snippet:-1, max-image-preview:large, max-video-preview:-1\" \/>\n<link rel=\"canonical\" href=\"https:\/\/astoria.bo.it\/de\/grossartige-fotografie-in-bologna-drei-sehenswerte-ausstellungen\/\" \/>\n<meta property=\"og:locale\" content=\"de_DE\" \/>\n<meta property=\"og:type\" content=\"article\" \/>\n<meta property=\"og:title\" content=\"Gro\u00dfartige Fotografie in Bologna: drei sehenswerte Ausstellungen - Hotel Astoria Bologna\" \/>\n<meta property=\"og:description\" content=\"Entdecken Sie drei unverzichtbare Fotoausstellungen in Bologna!\" \/>\n<meta property=\"og:url\" content=\"https:\/\/astoria.bo.it\/de\/grossartige-fotografie-in-bologna-drei-sehenswerte-ausstellungen\/\" \/>\n<meta property=\"og:site_name\" content=\"Hotel Astoria Bologna\" \/>\n<meta property=\"article:published_time\" content=\"2024-11-22T14:47:54+00:00\" \/>\n<meta property=\"article:modified_time\" content=\"2025-03-07T16:13:56+00:00\" \/>\n<meta property=\"og:image\" content=\"https:\/\/astoria.bo.it\/wp-content\/uploads\/2024\/11\/articoli-astoria-bologna-9-1.jpeg\" \/>\n\t<meta property=\"og:image:width\" content=\"1200\" \/>\n\t<meta property=\"og:image:height\" content=\"768\" \/>\n\t<meta property=\"og:image:type\" content=\"image\/jpeg\" \/>\n<meta name=\"author\" content=\"Francesco Gemin\" \/>\n<meta name=\"twitter:card\" content=\"summary_large_image\" \/>\n<meta name=\"twitter:label1\" content=\"Verfasst von\" \/>\n\t<meta name=\"twitter:data1\" content=\"Francesco Gemin\" \/>\n\t<meta name=\"twitter:label2\" content=\"Gesch\u00e4tzte Lesezeit\" \/>\n\t<meta name=\"twitter:data2\" content=\"3\u00a0Minuten\" \/>\n<script type=\"application\/ld+json\" class=\"yoast-schema-graph\">{\"@context\":\"https:\\\/\\\/schema.org\",\"@graph\":[{\"@type\":\"Article\",\"@id\":\"https:\\\/\\\/astoria.bo.it\\\/de\\\/grossartige-fotografie-in-bologna-drei-sehenswerte-ausstellungen\\\/#article\",\"isPartOf\":{\"@id\":\"https:\\\/\\\/astoria.bo.it\\\/de\\\/grossartige-fotografie-in-bologna-drei-sehenswerte-ausstellungen\\\/\"},\"author\":{\"name\":\"Francesco Gemin\",\"@id\":\"https:\\\/\\\/astoria.bo.it\\\/de\\\/#\\\/schema\\\/person\\\/8949b71bfa9def19232cff24cbc37123\"},\"headline\":\"Gro\u00dfartige Fotografie in Bologna: drei sehenswerte Ausstellungen\",\"datePublished\":\"2024-11-22T14:47:54+00:00\",\"dateModified\":\"2025-03-07T16:13:56+00:00\",\"mainEntityOfPage\":{\"@id\":\"https:\\\/\\\/astoria.bo.it\\\/de\\\/grossartige-fotografie-in-bologna-drei-sehenswerte-ausstellungen\\\/\"},\"wordCount\":495,\"publisher\":{\"@id\":\"https:\\\/\\\/astoria.bo.it\\\/de\\\/#organization\"},\"image\":{\"@id\":\"https:\\\/\\\/astoria.bo.it\\\/de\\\/grossartige-fotografie-in-bologna-drei-sehenswerte-ausstellungen\\\/#primaryimage\"},\"thumbnailUrl\":\"https:\\\/\\\/astoria.bo.it\\\/wp-content\\\/uploads\\\/2024\\\/11\\\/articoli-astoria-bologna-9-1.jpeg\",\"articleSection\":[\"Bologna\"],\"inLanguage\":\"de\"},{\"@type\":\"WebPage\",\"@id\":\"https:\\\/\\\/astoria.bo.it\\\/de\\\/grossartige-fotografie-in-bologna-drei-sehenswerte-ausstellungen\\\/\",\"url\":\"https:\\\/\\\/astoria.bo.it\\\/de\\\/grossartige-fotografie-in-bologna-drei-sehenswerte-ausstellungen\\\/\",\"name\":\"Gro\u00dfartige Fotografie in Bologna: drei sehenswerte Ausstellungen - Hotel Astoria Bologna\",\"isPartOf\":{\"@id\":\"https:\\\/\\\/astoria.bo.it\\\/de\\\/#website\"},\"primaryImageOfPage\":{\"@id\":\"https:\\\/\\\/astoria.bo.it\\\/de\\\/grossartige-fotografie-in-bologna-drei-sehenswerte-ausstellungen\\\/#primaryimage\"},\"image\":{\"@id\":\"https:\\\/\\\/astoria.bo.it\\\/de\\\/grossartige-fotografie-in-bologna-drei-sehenswerte-ausstellungen\\\/#primaryimage\"},\"thumbnailUrl\":\"https:\\\/\\\/astoria.bo.it\\\/wp-content\\\/uploads\\\/2024\\\/11\\\/articoli-astoria-bologna-9-1.jpeg\",\"datePublished\":\"2024-11-22T14:47:54+00:00\",\"dateModified\":\"2025-03-07T16:13:56+00:00\",\"description\":\"Entdecken Sie drei unverzichtbare Fotoausstellungen in Bologna!\",\"breadcrumb\":{\"@id\":\"https:\\\/\\\/astoria.bo.it\\\/de\\\/grossartige-fotografie-in-bologna-drei-sehenswerte-ausstellungen\\\/#breadcrumb\"},\"inLanguage\":\"de\",\"potentialAction\":[{\"@type\":\"ReadAction\",\"target\":[\"https:\\\/\\\/astoria.bo.it\\\/de\\\/grossartige-fotografie-in-bologna-drei-sehenswerte-ausstellungen\\\/\"]}]},{\"@type\":\"ImageObject\",\"inLanguage\":\"de\",\"@id\":\"https:\\\/\\\/astoria.bo.it\\\/de\\\/grossartige-fotografie-in-bologna-drei-sehenswerte-ausstellungen\\\/#primaryimage\",\"url\":\"https:\\\/\\\/astoria.bo.it\\\/wp-content\\\/uploads\\\/2024\\\/11\\\/articoli-astoria-bologna-9-1.jpeg\",\"contentUrl\":\"https:\\\/\\\/astoria.bo.it\\\/wp-content\\\/uploads\\\/2024\\\/11\\\/articoli-astoria-bologna-9-1.jpeg\",\"width\":1200,\"height\":768},{\"@type\":\"BreadcrumbList\",\"@id\":\"https:\\\/\\\/astoria.bo.it\\\/de\\\/grossartige-fotografie-in-bologna-drei-sehenswerte-ausstellungen\\\/#breadcrumb\",\"itemListElement\":[{\"@type\":\"ListItem\",\"position\":1,\"name\":\"Home\",\"item\":\"https:\\\/\\\/astoria.bo.it\\\/de\\\/\"},{\"@type\":\"ListItem\",\"position\":2,\"name\":\"Gro\u00dfartige Fotografie in Bologna: drei sehenswerte Ausstellungen\"}]},{\"@type\":\"WebSite\",\"@id\":\"https:\\\/\\\/astoria.bo.it\\\/de\\\/#website\",\"url\":\"https:\\\/\\\/astoria.bo.it\\\/de\\\/\",\"name\":\"Hotel Astoria Bologna\",\"description\":\"\",\"publisher\":{\"@id\":\"https:\\\/\\\/astoria.bo.it\\\/de\\\/#organization\"},\"potentialAction\":[{\"@type\":\"SearchAction\",\"target\":{\"@type\":\"EntryPoint\",\"urlTemplate\":\"https:\\\/\\\/astoria.bo.it\\\/de\\\/?s={search_term_string}\"},\"query-input\":{\"@type\":\"PropertyValueSpecification\",\"valueRequired\":true,\"valueName\":\"search_term_string\"}}],\"inLanguage\":\"de\"},{\"@type\":\"Organization\",\"@id\":\"https:\\\/\\\/astoria.bo.it\\\/de\\\/#organization\",\"name\":\"Hotel Astoria Bologna\",\"url\":\"https:\\\/\\\/astoria.bo.it\\\/de\\\/\",\"logo\":{\"@type\":\"ImageObject\",\"inLanguage\":\"de\",\"@id\":\"https:\\\/\\\/astoria.bo.it\\\/de\\\/#\\\/schema\\\/logo\\\/image\\\/\",\"url\":\"https:\\\/\\\/astoria.bo.it\\\/wp-content\\\/uploads\\\/2024\\\/10\\\/logo-sito-header.webp\",\"contentUrl\":\"https:\\\/\\\/astoria.bo.it\\\/wp-content\\\/uploads\\\/2024\\\/10\\\/logo-sito-header.webp\",\"width\":165,\"height\":133,\"caption\":\"Hotel Astoria Bologna\"},\"image\":{\"@id\":\"https:\\\/\\\/astoria.bo.it\\\/de\\\/#\\\/schema\\\/logo\\\/image\\\/\"}},{\"@type\":\"Person\",\"@id\":\"https:\\\/\\\/astoria.bo.it\\\/de\\\/#\\\/schema\\\/person\\\/8949b71bfa9def19232cff24cbc37123\",\"name\":\"Francesco Gemin\",\"image\":{\"@type\":\"ImageObject\",\"inLanguage\":\"de\",\"@id\":\"https:\\\/\\\/secure.gravatar.com\\\/avatar\\\/584fc071ed801cfc28472c1170c0f8b853d028daef4ab569382c91d3702b2174?s=96&d=mm&r=g\",\"url\":\"https:\\\/\\\/secure.gravatar.com\\\/avatar\\\/584fc071ed801cfc28472c1170c0f8b853d028daef4ab569382c91d3702b2174?s=96&d=mm&r=g\",\"contentUrl\":\"https:\\\/\\\/secure.gravatar.com\\\/avatar\\\/584fc071ed801cfc28472c1170c0f8b853d028daef4ab569382c91d3702b2174?s=96&d=mm&r=g\",\"caption\":\"Francesco Gemin\"},\"url\":\"https:\\\/\\\/astoria.bo.it\\\/de\\\/author\\\/franc_83kai\\\/\"}]}<\/script>\n<!-- \/ Yoast SEO plugin. -->","yoast_head_json":{"title":"Gro\u00dfartige Fotografie in Bologna: drei sehenswerte Ausstellungen - Hotel Astoria Bologna","description":"Entdecken Sie drei unverzichtbare Fotoausstellungen in Bologna!","robots":{"index":"index","follow":"follow","max-snippet":"max-snippet:-1","max-image-preview":"max-image-preview:large","max-video-preview":"max-video-preview:-1"},"canonical":"https:\/\/astoria.bo.it\/de\/grossartige-fotografie-in-bologna-drei-sehenswerte-ausstellungen\/","og_locale":"de_DE","og_type":"article","og_title":"Gro\u00dfartige Fotografie in Bologna: drei sehenswerte Ausstellungen - Hotel Astoria Bologna","og_description":"Entdecken Sie drei unverzichtbare Fotoausstellungen in Bologna!","og_url":"https:\/\/astoria.bo.it\/de\/grossartige-fotografie-in-bologna-drei-sehenswerte-ausstellungen\/","og_site_name":"Hotel Astoria Bologna","article_published_time":"2024-11-22T14:47:54+00:00","article_modified_time":"2025-03-07T16:13:56+00:00","og_image":[{"width":1200,"height":768,"url":"https:\/\/astoria.bo.it\/wp-content\/uploads\/2024\/11\/articoli-astoria-bologna-9-1.jpeg","type":"image\/jpeg"}],"author":"Francesco Gemin","twitter_card":"summary_large_image","twitter_misc":{"Verfasst von":"Francesco Gemin","Gesch\u00e4tzte Lesezeit":"3\u00a0Minuten"},"schema":{"@context":"https:\/\/schema.org","@graph":[{"@type":"Article","@id":"https:\/\/astoria.bo.it\/de\/grossartige-fotografie-in-bologna-drei-sehenswerte-ausstellungen\/#article","isPartOf":{"@id":"https:\/\/astoria.bo.it\/de\/grossartige-fotografie-in-bologna-drei-sehenswerte-ausstellungen\/"},"author":{"name":"Francesco Gemin","@id":"https:\/\/astoria.bo.it\/de\/#\/schema\/person\/8949b71bfa9def19232cff24cbc37123"},"headline":"Gro\u00dfartige Fotografie in Bologna: drei sehenswerte Ausstellungen","datePublished":"2024-11-22T14:47:54+00:00","dateModified":"2025-03-07T16:13:56+00:00","mainEntityOfPage":{"@id":"https:\/\/astoria.bo.it\/de\/grossartige-fotografie-in-bologna-drei-sehenswerte-ausstellungen\/"},"wordCount":495,"publisher":{"@id":"https:\/\/astoria.bo.it\/de\/#organization"},"image":{"@id":"https:\/\/astoria.bo.it\/de\/grossartige-fotografie-in-bologna-drei-sehenswerte-ausstellungen\/#primaryimage"},"thumbnailUrl":"https:\/\/astoria.bo.it\/wp-content\/uploads\/2024\/11\/articoli-astoria-bologna-9-1.jpeg","articleSection":["Bologna"],"inLanguage":"de"},{"@type":"WebPage","@id":"https:\/\/astoria.bo.it\/de\/grossartige-fotografie-in-bologna-drei-sehenswerte-ausstellungen\/","url":"https:\/\/astoria.bo.it\/de\/grossartige-fotografie-in-bologna-drei-sehenswerte-ausstellungen\/","name":"Gro\u00dfartige Fotografie in Bologna: drei sehenswerte Ausstellungen - Hotel Astoria Bologna","isPartOf":{"@id":"https:\/\/astoria.bo.it\/de\/#website"},"primaryImageOfPage":{"@id":"https:\/\/astoria.bo.it\/de\/grossartige-fotografie-in-bologna-drei-sehenswerte-ausstellungen\/#primaryimage"},"image":{"@id":"https:\/\/astoria.bo.it\/de\/grossartige-fotografie-in-bologna-drei-sehenswerte-ausstellungen\/#primaryimage"},"thumbnailUrl":"https:\/\/astoria.bo.it\/wp-content\/uploads\/2024\/11\/articoli-astoria-bologna-9-1.jpeg","datePublished":"2024-11-22T14:47:54+00:00","dateModified":"2025-03-07T16:13:56+00:00","description":"Entdecken Sie drei unverzichtbare Fotoausstellungen in Bologna!","breadcrumb":{"@id":"https:\/\/astoria.bo.it\/de\/grossartige-fotografie-in-bologna-drei-sehenswerte-ausstellungen\/#breadcrumb"},"inLanguage":"de","potentialAction":[{"@type":"ReadAction","target":["https:\/\/astoria.bo.it\/de\/grossartige-fotografie-in-bologna-drei-sehenswerte-ausstellungen\/"]}]},{"@type":"ImageObject","inLanguage":"de","@id":"https:\/\/astoria.bo.it\/de\/grossartige-fotografie-in-bologna-drei-sehenswerte-ausstellungen\/#primaryimage","url":"https:\/\/astoria.bo.it\/wp-content\/uploads\/2024\/11\/articoli-astoria-bologna-9-1.jpeg","contentUrl":"https:\/\/astoria.bo.it\/wp-content\/uploads\/2024\/11\/articoli-astoria-bologna-9-1.jpeg","width":1200,"height":768},{"@type":"BreadcrumbList","@id":"https:\/\/astoria.bo.it\/de\/grossartige-fotografie-in-bologna-drei-sehenswerte-ausstellungen\/#breadcrumb","itemListElement":[{"@type":"ListItem","position":1,"name":"Home","item":"https:\/\/astoria.bo.it\/de\/"},{"@type":"ListItem","position":2,"name":"Gro\u00dfartige Fotografie in Bologna: drei sehenswerte Ausstellungen"}]},{"@type":"WebSite","@id":"https:\/\/astoria.bo.it\/de\/#website","url":"https:\/\/astoria.bo.it\/de\/","name":"Hotel Astoria Bologna","description":"","publisher":{"@id":"https:\/\/astoria.bo.it\/de\/#organization"},"potentialAction":[{"@type":"SearchAction","target":{"@type":"EntryPoint","urlTemplate":"https:\/\/astoria.bo.it\/de\/?s={search_term_string}"},"query-input":{"@type":"PropertyValueSpecification","valueRequired":true,"valueName":"search_term_string"}}],"inLanguage":"de"},{"@type":"Organization","@id":"https:\/\/astoria.bo.it\/de\/#organization","name":"Hotel Astoria Bologna","url":"https:\/\/astoria.bo.it\/de\/","logo":{"@type":"ImageObject","inLanguage":"de","@id":"https:\/\/astoria.bo.it\/de\/#\/schema\/logo\/image\/","url":"https:\/\/astoria.bo.it\/wp-content\/uploads\/2024\/10\/logo-sito-header.webp","contentUrl":"https:\/\/astoria.bo.it\/wp-content\/uploads\/2024\/10\/logo-sito-header.webp","width":165,"height":133,"caption":"Hotel Astoria Bologna"},"image":{"@id":"https:\/\/astoria.bo.it\/de\/#\/schema\/logo\/image\/"}},{"@type":"Person","@id":"https:\/\/astoria.bo.it\/de\/#\/schema\/person\/8949b71bfa9def19232cff24cbc37123","name":"Francesco Gemin","image":{"@type":"ImageObject","inLanguage":"de","@id":"https:\/\/secure.gravatar.com\/avatar\/584fc071ed801cfc28472c1170c0f8b853d028daef4ab569382c91d3702b2174?s=96&d=mm&r=g","url":"https:\/\/secure.gravatar.com\/avatar\/584fc071ed801cfc28472c1170c0f8b853d028daef4ab569382c91d3702b2174?s=96&d=mm&r=g","contentUrl":"https:\/\/secure.gravatar.com\/avatar\/584fc071ed801cfc28472c1170c0f8b853d028daef4ab569382c91d3702b2174?s=96&d=mm&r=g","caption":"Francesco Gemin"},"url":"https:\/\/astoria.bo.it\/de\/author\/franc_83kai\/"}]}},"_links":{"self":[{"href":"https:\/\/astoria.bo.it\/de\/wp-json\/wp\/v2\/posts\/5930","targetHints":{"allow":["GET"]}}],"collection":[{"href":"https:\/\/astoria.bo.it\/de\/wp-json\/wp\/v2\/posts"}],"about":[{"href":"https:\/\/astoria.bo.it\/de\/wp-json\/wp\/v2\/types\/post"}],"author":[{"embeddable":true,"href":"https:\/\/astoria.bo.it\/de\/wp-json\/wp\/v2\/users\/3"}],"replies":[{"embeddable":true,"href":"https:\/\/astoria.bo.it\/de\/wp-json\/wp\/v2\/comments?post=5930"}],"version-history":[{"count":0,"href":"https:\/\/astoria.bo.it\/de\/wp-json\/wp\/v2\/posts\/5930\/revisions"}],"wp:featuredmedia":[{"embeddable":true,"href":"https:\/\/astoria.bo.it\/de\/wp-json\/wp\/v2\/media\/6154"}],"wp:attachment":[{"href":"https:\/\/astoria.bo.it\/de\/wp-json\/wp\/v2\/media?parent=5930"}],"wp:term":[{"taxonomy":"category","embeddable":true,"href":"https:\/\/astoria.bo.it\/de\/wp-json\/wp\/v2\/categories?post=5930"},{"taxonomy":"post_tag","embeddable":true,"href":"https:\/\/astoria.bo.it\/de\/wp-json\/wp\/v2\/tags?post=5930"}],"curies":[{"name":"wp","href":"https:\/\/api.w.org\/{rel}","templated":true}]}}