{"id":5849,"date":"2024-07-04T15:47:34","date_gmt":"2024-07-04T13:47:34","guid":{"rendered":"https:\/\/astoria.promoservicebeta.com\/juli-konzerte-in-bologna-die-saison-der-live-musik-beginnt\/"},"modified":"2025-03-07T17:23:13","modified_gmt":"2025-03-07T16:23:13","slug":"juli-konzerte-in-bologna-die-saison-der-live-musik-beginnt","status":"publish","type":"post","link":"https:\/\/astoria.bo.it\/de\/juli-konzerte-in-bologna-die-saison-der-live-musik-beginnt\/","title":{"rendered":"Juli-Konzerte in Bologna: Die Saison der Live-Musik beginnt"},"content":{"rendered":"<p>Die Sommerkonzertsaison in Bologna steht vor der T\u00fcr. Die emilianische Stadt bereitet sich darauf vor, einige der wichtigsten Namen der italienischen und internationalen Musikszene zu empfangen. <\/p>\n<p>Sie beginnt am <strong>3. und 4. Juli<\/strong> mit zwei der originellsten und innovativsten Namen der italienischen Hip-Hop-Szene: <strong>Salmo und Noyz Narcos<\/strong>. Zwei K\u00fcnstler, die das Publikum mit ihren kraftvollen Reimen und innovativen Sounds erobert haben. Der Termin findet im <strong>Sequoie Music<\/strong> Park, im Caserme Rosse Park, statt. Ein Konzert, das alle Fans dieses Genres nicht verpassen sollten!   <\/p>\n<p>Am <strong>9. Juli<\/strong> findet im <strong>Bonsai <\/strong>ein einzigartiges Konzert mit der kultigen italienischen Eurodance-Gruppe <strong>Eiffel 65<\/strong> statt, die mit Singles wie &#8218;Blue&#8216;, &#8218;Move Your Body&#8216; und &#8218;Living in a Bubble&#8216; die Welt erobert hat. F\u00fcr die Fans des Pop-Tanz-Genres wird es ein Moment der R\u00fcckkehr zu den Wurzeln sein. <\/p>\n<p>Am<strong>11. Juli<\/strong> sind dann <strong>Take That<\/strong> an der Reihe, auf der B\u00fchne des <strong>Sequoie Music Park<\/strong> aufzutreten. Das britische Musikph\u00e4nomen, bestehend aus Gary Barlow, Mark Owen, Howard Donald und Jason Orange, wird mit seinen Hits &#8218;Pray&#8216;, &#8218;Relight My Fire&#8216; und &#8218;Back for Good&#8216; die Fans begeistern. <\/p>\n<p>Am <strong>16. Juli<\/strong> ist eine andere gro\u00dfartige Band an der Reihe, die in den 1990er Jahren die Teenager in den Wahnsinn trieb: <strong>Blue<\/strong>, die im <strong>Sequoie Music Park<\/strong> auftreten werden.<\/p>\n<p>Am <strong>18. Juli<\/strong>, wieder im <strong>Sequoie Music Park<\/strong>, ist <strong>Fulminacci<\/strong> mit seiner Infinito+1 Tour an der Reihe.<\/p>\n<p>Am <strong>19. Juli<\/strong> wird <strong>Mahmood <\/strong>der Star im <strong>Sequoie Music Park<\/strong> sein. Der italienische K\u00fcnstler wird seine Hits &#8218;Soldi&#8216; und &#8218;Rapide&#8216; in einer Show pr\u00e4sentieren, die Sie nicht verpassen sollten. <\/p>\n<p>Nicht weniger wichtig ist der Termin <strong>am 20. Juli<\/strong> mit <strong>Nick Mason&#8217;s Saucerful of Secrets<\/strong>, ebenfalls im Caserme Rosse Park. Der Schlagzeuger und Gr\u00fcnder der Gruppe Pink Floyd, Nick Mason, wird exklusiv als Leiter eines neuen Projekts auftreten, das die psychedelische und progressive Musik der 1960er Jahre feiert. Ein einzigartiges Konzert f\u00fcr Musikliebhaber.  <\/p>\n<p>Am <strong>22. Juli<\/strong> schlie\u00dflich nehmen uns die legend\u00e4ren <strong>Kool and The Gang<\/strong> mit ihren Klassikern &#8218;Celebration&#8216; und &#8218;Get Down On It&#8216; mit auf eine Reise in die Vergangenheit. Funk-Liebhaber sollten diesen Termin nicht verpassen. <\/p>\n<p>Es gibt keinen Mangel an M\u00f6glichkeiten, im Herzen von Bologna einzigartige und unvergessliche Erlebnisse zu genie\u00dfen! Haben Sie schon Ihren n\u00e4chsten Aufenthalt in Bologna gebucht? <\/p>\n","protected":false},"excerpt":{"rendered":"<p>Die Sommerkonzertsaison in Bologna steht vor der T\u00fcr. Die emilianische Stadt bereitet sich darauf vor, einige der wichtigsten Namen der italienischen und internationalen Musikszene zu empfangen. Sie beginnt am 3. und 4. Juli mit zwei der originellsten und innovativsten Namen der italienischen Hip-Hop-Szene: Salmo und Noyz Narcos. Zwei K\u00fcnstler, die das Publikum mit ihren kraftvollen [&hellip;]<\/p>\n","protected":false},"author":3,"featured_media":6170,"comment_status":"closed","ping_status":"closed","sticky":false,"template":"","format":"standard","meta":{"_acf_changed":false,"footnotes":""},"categories":[29],"tags":[],"class_list":["post-5849","post","type-post","status-publish","format-standard","has-post-thumbnail","hentry","category-bologna-de"],"acf":[],"yoast_head":"<!-- This site is optimized with the Yoast SEO plugin v27.3 - https:\/\/yoast.com\/product\/yoast-seo-wordpress\/ -->\n<title>Juli-Konzerte in Bologna: Die Saison der Live-Musik beginnt - Hotel Astoria Bologna<\/title>\n<meta name=\"description\" content=\"Die Sommerkonzertsaison in Bologna hat begonnen. Die Stadt bereitet sich darauf vor, einige der wichtigsten Namen der internationalen Musikszene zu empfangen.\" \/>\n<meta name=\"robots\" content=\"index, follow, max-snippet:-1, max-image-preview:large, max-video-preview:-1\" \/>\n<link rel=\"canonical\" href=\"https:\/\/astoria.bo.it\/de\/juli-konzerte-in-bologna-die-saison-der-live-musik-beginnt\/\" \/>\n<meta property=\"og:locale\" content=\"de_DE\" \/>\n<meta property=\"og:type\" content=\"article\" \/>\n<meta property=\"og:title\" content=\"Juli-Konzerte in Bologna: Die Saison der Live-Musik beginnt - Hotel Astoria Bologna\" \/>\n<meta property=\"og:description\" content=\"Die Sommerkonzertsaison in Bologna hat begonnen. Die Stadt bereitet sich darauf vor, einige der wichtigsten Namen der internationalen Musikszene zu empfangen.\" \/>\n<meta property=\"og:url\" content=\"https:\/\/astoria.bo.it\/de\/juli-konzerte-in-bologna-die-saison-der-live-musik-beginnt\/\" \/>\n<meta property=\"og:site_name\" content=\"Hotel Astoria Bologna\" \/>\n<meta property=\"article:published_time\" content=\"2024-07-04T13:47:34+00:00\" \/>\n<meta property=\"article:modified_time\" content=\"2025-03-07T16:23:13+00:00\" \/>\n<meta property=\"og:image\" content=\"https:\/\/astoria.bo.it\/wp-content\/uploads\/2024\/07\/articoli-astoria-bologna-6-1.jpeg\" \/>\n\t<meta property=\"og:image:width\" content=\"1920\" \/>\n\t<meta property=\"og:image:height\" content=\"1080\" \/>\n\t<meta property=\"og:image:type\" content=\"image\/jpeg\" \/>\n<meta name=\"author\" content=\"Francesco Gemin\" \/>\n<meta name=\"twitter:card\" content=\"summary_large_image\" \/>\n<meta name=\"twitter:label1\" content=\"Verfasst von\" \/>\n\t<meta name=\"twitter:data1\" content=\"Francesco Gemin\" \/>\n\t<meta name=\"twitter:label2\" content=\"Gesch\u00e4tzte Lesezeit\" \/>\n\t<meta name=\"twitter:data2\" content=\"3\u00a0Minuten\" \/>\n<script type=\"application\/ld+json\" class=\"yoast-schema-graph\">{\"@context\":\"https:\\\/\\\/schema.org\",\"@graph\":[{\"@type\":\"Article\",\"@id\":\"https:\\\/\\\/astoria.bo.it\\\/de\\\/juli-konzerte-in-bologna-die-saison-der-live-musik-beginnt\\\/#article\",\"isPartOf\":{\"@id\":\"https:\\\/\\\/astoria.bo.it\\\/de\\\/juli-konzerte-in-bologna-die-saison-der-live-musik-beginnt\\\/\"},\"author\":{\"name\":\"Francesco Gemin\",\"@id\":\"https:\\\/\\\/astoria.bo.it\\\/de\\\/#\\\/schema\\\/person\\\/8949b71bfa9def19232cff24cbc37123\"},\"headline\":\"Juli-Konzerte in Bologna: Die Saison der Live-Musik beginnt\",\"datePublished\":\"2024-07-04T13:47:34+00:00\",\"dateModified\":\"2025-03-07T16:23:13+00:00\",\"mainEntityOfPage\":{\"@id\":\"https:\\\/\\\/astoria.bo.it\\\/de\\\/juli-konzerte-in-bologna-die-saison-der-live-musik-beginnt\\\/\"},\"wordCount\":383,\"publisher\":{\"@id\":\"https:\\\/\\\/astoria.bo.it\\\/de\\\/#organization\"},\"image\":{\"@id\":\"https:\\\/\\\/astoria.bo.it\\\/de\\\/juli-konzerte-in-bologna-die-saison-der-live-musik-beginnt\\\/#primaryimage\"},\"thumbnailUrl\":\"https:\\\/\\\/astoria.bo.it\\\/wp-content\\\/uploads\\\/2024\\\/07\\\/articoli-astoria-bologna-6-1.jpeg\",\"articleSection\":[\"Bologna\"],\"inLanguage\":\"de\"},{\"@type\":\"WebPage\",\"@id\":\"https:\\\/\\\/astoria.bo.it\\\/de\\\/juli-konzerte-in-bologna-die-saison-der-live-musik-beginnt\\\/\",\"url\":\"https:\\\/\\\/astoria.bo.it\\\/de\\\/juli-konzerte-in-bologna-die-saison-der-live-musik-beginnt\\\/\",\"name\":\"Juli-Konzerte in Bologna: Die Saison der Live-Musik beginnt - Hotel Astoria Bologna\",\"isPartOf\":{\"@id\":\"https:\\\/\\\/astoria.bo.it\\\/de\\\/#website\"},\"primaryImageOfPage\":{\"@id\":\"https:\\\/\\\/astoria.bo.it\\\/de\\\/juli-konzerte-in-bologna-die-saison-der-live-musik-beginnt\\\/#primaryimage\"},\"image\":{\"@id\":\"https:\\\/\\\/astoria.bo.it\\\/de\\\/juli-konzerte-in-bologna-die-saison-der-live-musik-beginnt\\\/#primaryimage\"},\"thumbnailUrl\":\"https:\\\/\\\/astoria.bo.it\\\/wp-content\\\/uploads\\\/2024\\\/07\\\/articoli-astoria-bologna-6-1.jpeg\",\"datePublished\":\"2024-07-04T13:47:34+00:00\",\"dateModified\":\"2025-03-07T16:23:13+00:00\",\"description\":\"Die Sommerkonzertsaison in Bologna hat begonnen. Die Stadt bereitet sich darauf vor, einige der wichtigsten Namen der internationalen Musikszene zu empfangen.\",\"breadcrumb\":{\"@id\":\"https:\\\/\\\/astoria.bo.it\\\/de\\\/juli-konzerte-in-bologna-die-saison-der-live-musik-beginnt\\\/#breadcrumb\"},\"inLanguage\":\"de\",\"potentialAction\":[{\"@type\":\"ReadAction\",\"target\":[\"https:\\\/\\\/astoria.bo.it\\\/de\\\/juli-konzerte-in-bologna-die-saison-der-live-musik-beginnt\\\/\"]}]},{\"@type\":\"ImageObject\",\"inLanguage\":\"de\",\"@id\":\"https:\\\/\\\/astoria.bo.it\\\/de\\\/juli-konzerte-in-bologna-die-saison-der-live-musik-beginnt\\\/#primaryimage\",\"url\":\"https:\\\/\\\/astoria.bo.it\\\/wp-content\\\/uploads\\\/2024\\\/07\\\/articoli-astoria-bologna-6-1.jpeg\",\"contentUrl\":\"https:\\\/\\\/astoria.bo.it\\\/wp-content\\\/uploads\\\/2024\\\/07\\\/articoli-astoria-bologna-6-1.jpeg\",\"width\":1920,\"height\":1080},{\"@type\":\"BreadcrumbList\",\"@id\":\"https:\\\/\\\/astoria.bo.it\\\/de\\\/juli-konzerte-in-bologna-die-saison-der-live-musik-beginnt\\\/#breadcrumb\",\"itemListElement\":[{\"@type\":\"ListItem\",\"position\":1,\"name\":\"Home\",\"item\":\"https:\\\/\\\/astoria.bo.it\\\/de\\\/\"},{\"@type\":\"ListItem\",\"position\":2,\"name\":\"Juli-Konzerte in Bologna: Die Saison der Live-Musik beginnt\"}]},{\"@type\":\"WebSite\",\"@id\":\"https:\\\/\\\/astoria.bo.it\\\/de\\\/#website\",\"url\":\"https:\\\/\\\/astoria.bo.it\\\/de\\\/\",\"name\":\"Hotel Astoria Bologna\",\"description\":\"\",\"publisher\":{\"@id\":\"https:\\\/\\\/astoria.bo.it\\\/de\\\/#organization\"},\"potentialAction\":[{\"@type\":\"SearchAction\",\"target\":{\"@type\":\"EntryPoint\",\"urlTemplate\":\"https:\\\/\\\/astoria.bo.it\\\/de\\\/?s={search_term_string}\"},\"query-input\":{\"@type\":\"PropertyValueSpecification\",\"valueRequired\":true,\"valueName\":\"search_term_string\"}}],\"inLanguage\":\"de\"},{\"@type\":\"Organization\",\"@id\":\"https:\\\/\\\/astoria.bo.it\\\/de\\\/#organization\",\"name\":\"Hotel Astoria Bologna\",\"url\":\"https:\\\/\\\/astoria.bo.it\\\/de\\\/\",\"logo\":{\"@type\":\"ImageObject\",\"inLanguage\":\"de\",\"@id\":\"https:\\\/\\\/astoria.bo.it\\\/de\\\/#\\\/schema\\\/logo\\\/image\\\/\",\"url\":\"https:\\\/\\\/astoria.bo.it\\\/wp-content\\\/uploads\\\/2024\\\/10\\\/logo-sito-header.webp\",\"contentUrl\":\"https:\\\/\\\/astoria.bo.it\\\/wp-content\\\/uploads\\\/2024\\\/10\\\/logo-sito-header.webp\",\"width\":165,\"height\":133,\"caption\":\"Hotel Astoria Bologna\"},\"image\":{\"@id\":\"https:\\\/\\\/astoria.bo.it\\\/de\\\/#\\\/schema\\\/logo\\\/image\\\/\"}},{\"@type\":\"Person\",\"@id\":\"https:\\\/\\\/astoria.bo.it\\\/de\\\/#\\\/schema\\\/person\\\/8949b71bfa9def19232cff24cbc37123\",\"name\":\"Francesco Gemin\",\"image\":{\"@type\":\"ImageObject\",\"inLanguage\":\"de\",\"@id\":\"https:\\\/\\\/secure.gravatar.com\\\/avatar\\\/584fc071ed801cfc28472c1170c0f8b853d028daef4ab569382c91d3702b2174?s=96&d=mm&r=g\",\"url\":\"https:\\\/\\\/secure.gravatar.com\\\/avatar\\\/584fc071ed801cfc28472c1170c0f8b853d028daef4ab569382c91d3702b2174?s=96&d=mm&r=g\",\"contentUrl\":\"https:\\\/\\\/secure.gravatar.com\\\/avatar\\\/584fc071ed801cfc28472c1170c0f8b853d028daef4ab569382c91d3702b2174?s=96&d=mm&r=g\",\"caption\":\"Francesco Gemin\"},\"url\":\"https:\\\/\\\/astoria.bo.it\\\/de\\\/author\\\/franc_83kai\\\/\"}]}<\/script>\n<!-- \/ Yoast SEO plugin. -->","yoast_head_json":{"title":"Juli-Konzerte in Bologna: Die Saison der Live-Musik beginnt - Hotel Astoria Bologna","description":"Die Sommerkonzertsaison in Bologna hat begonnen. Die Stadt bereitet sich darauf vor, einige der wichtigsten Namen der internationalen Musikszene zu empfangen.","robots":{"index":"index","follow":"follow","max-snippet":"max-snippet:-1","max-image-preview":"max-image-preview:large","max-video-preview":"max-video-preview:-1"},"canonical":"https:\/\/astoria.bo.it\/de\/juli-konzerte-in-bologna-die-saison-der-live-musik-beginnt\/","og_locale":"de_DE","og_type":"article","og_title":"Juli-Konzerte in Bologna: Die Saison der Live-Musik beginnt - Hotel Astoria Bologna","og_description":"Die Sommerkonzertsaison in Bologna hat begonnen. Die Stadt bereitet sich darauf vor, einige der wichtigsten Namen der internationalen Musikszene zu empfangen.","og_url":"https:\/\/astoria.bo.it\/de\/juli-konzerte-in-bologna-die-saison-der-live-musik-beginnt\/","og_site_name":"Hotel Astoria Bologna","article_published_time":"2024-07-04T13:47:34+00:00","article_modified_time":"2025-03-07T16:23:13+00:00","og_image":[{"width":1920,"height":1080,"url":"https:\/\/astoria.bo.it\/wp-content\/uploads\/2024\/07\/articoli-astoria-bologna-6-1.jpeg","type":"image\/jpeg"}],"author":"Francesco Gemin","twitter_card":"summary_large_image","twitter_misc":{"Verfasst von":"Francesco Gemin","Gesch\u00e4tzte Lesezeit":"3\u00a0Minuten"},"schema":{"@context":"https:\/\/schema.org","@graph":[{"@type":"Article","@id":"https:\/\/astoria.bo.it\/de\/juli-konzerte-in-bologna-die-saison-der-live-musik-beginnt\/#article","isPartOf":{"@id":"https:\/\/astoria.bo.it\/de\/juli-konzerte-in-bologna-die-saison-der-live-musik-beginnt\/"},"author":{"name":"Francesco Gemin","@id":"https:\/\/astoria.bo.it\/de\/#\/schema\/person\/8949b71bfa9def19232cff24cbc37123"},"headline":"Juli-Konzerte in Bologna: Die Saison der Live-Musik beginnt","datePublished":"2024-07-04T13:47:34+00:00","dateModified":"2025-03-07T16:23:13+00:00","mainEntityOfPage":{"@id":"https:\/\/astoria.bo.it\/de\/juli-konzerte-in-bologna-die-saison-der-live-musik-beginnt\/"},"wordCount":383,"publisher":{"@id":"https:\/\/astoria.bo.it\/de\/#organization"},"image":{"@id":"https:\/\/astoria.bo.it\/de\/juli-konzerte-in-bologna-die-saison-der-live-musik-beginnt\/#primaryimage"},"thumbnailUrl":"https:\/\/astoria.bo.it\/wp-content\/uploads\/2024\/07\/articoli-astoria-bologna-6-1.jpeg","articleSection":["Bologna"],"inLanguage":"de"},{"@type":"WebPage","@id":"https:\/\/astoria.bo.it\/de\/juli-konzerte-in-bologna-die-saison-der-live-musik-beginnt\/","url":"https:\/\/astoria.bo.it\/de\/juli-konzerte-in-bologna-die-saison-der-live-musik-beginnt\/","name":"Juli-Konzerte in Bologna: Die Saison der Live-Musik beginnt - Hotel Astoria Bologna","isPartOf":{"@id":"https:\/\/astoria.bo.it\/de\/#website"},"primaryImageOfPage":{"@id":"https:\/\/astoria.bo.it\/de\/juli-konzerte-in-bologna-die-saison-der-live-musik-beginnt\/#primaryimage"},"image":{"@id":"https:\/\/astoria.bo.it\/de\/juli-konzerte-in-bologna-die-saison-der-live-musik-beginnt\/#primaryimage"},"thumbnailUrl":"https:\/\/astoria.bo.it\/wp-content\/uploads\/2024\/07\/articoli-astoria-bologna-6-1.jpeg","datePublished":"2024-07-04T13:47:34+00:00","dateModified":"2025-03-07T16:23:13+00:00","description":"Die Sommerkonzertsaison in Bologna hat begonnen. Die Stadt bereitet sich darauf vor, einige der wichtigsten Namen der internationalen Musikszene zu empfangen.","breadcrumb":{"@id":"https:\/\/astoria.bo.it\/de\/juli-konzerte-in-bologna-die-saison-der-live-musik-beginnt\/#breadcrumb"},"inLanguage":"de","potentialAction":[{"@type":"ReadAction","target":["https:\/\/astoria.bo.it\/de\/juli-konzerte-in-bologna-die-saison-der-live-musik-beginnt\/"]}]},{"@type":"ImageObject","inLanguage":"de","@id":"https:\/\/astoria.bo.it\/de\/juli-konzerte-in-bologna-die-saison-der-live-musik-beginnt\/#primaryimage","url":"https:\/\/astoria.bo.it\/wp-content\/uploads\/2024\/07\/articoli-astoria-bologna-6-1.jpeg","contentUrl":"https:\/\/astoria.bo.it\/wp-content\/uploads\/2024\/07\/articoli-astoria-bologna-6-1.jpeg","width":1920,"height":1080},{"@type":"BreadcrumbList","@id":"https:\/\/astoria.bo.it\/de\/juli-konzerte-in-bologna-die-saison-der-live-musik-beginnt\/#breadcrumb","itemListElement":[{"@type":"ListItem","position":1,"name":"Home","item":"https:\/\/astoria.bo.it\/de\/"},{"@type":"ListItem","position":2,"name":"Juli-Konzerte in Bologna: Die Saison der Live-Musik beginnt"}]},{"@type":"WebSite","@id":"https:\/\/astoria.bo.it\/de\/#website","url":"https:\/\/astoria.bo.it\/de\/","name":"Hotel Astoria Bologna","description":"","publisher":{"@id":"https:\/\/astoria.bo.it\/de\/#organization"},"potentialAction":[{"@type":"SearchAction","target":{"@type":"EntryPoint","urlTemplate":"https:\/\/astoria.bo.it\/de\/?s={search_term_string}"},"query-input":{"@type":"PropertyValueSpecification","valueRequired":true,"valueName":"search_term_string"}}],"inLanguage":"de"},{"@type":"Organization","@id":"https:\/\/astoria.bo.it\/de\/#organization","name":"Hotel Astoria Bologna","url":"https:\/\/astoria.bo.it\/de\/","logo":{"@type":"ImageObject","inLanguage":"de","@id":"https:\/\/astoria.bo.it\/de\/#\/schema\/logo\/image\/","url":"https:\/\/astoria.bo.it\/wp-content\/uploads\/2024\/10\/logo-sito-header.webp","contentUrl":"https:\/\/astoria.bo.it\/wp-content\/uploads\/2024\/10\/logo-sito-header.webp","width":165,"height":133,"caption":"Hotel Astoria Bologna"},"image":{"@id":"https:\/\/astoria.bo.it\/de\/#\/schema\/logo\/image\/"}},{"@type":"Person","@id":"https:\/\/astoria.bo.it\/de\/#\/schema\/person\/8949b71bfa9def19232cff24cbc37123","name":"Francesco Gemin","image":{"@type":"ImageObject","inLanguage":"de","@id":"https:\/\/secure.gravatar.com\/avatar\/584fc071ed801cfc28472c1170c0f8b853d028daef4ab569382c91d3702b2174?s=96&d=mm&r=g","url":"https:\/\/secure.gravatar.com\/avatar\/584fc071ed801cfc28472c1170c0f8b853d028daef4ab569382c91d3702b2174?s=96&d=mm&r=g","contentUrl":"https:\/\/secure.gravatar.com\/avatar\/584fc071ed801cfc28472c1170c0f8b853d028daef4ab569382c91d3702b2174?s=96&d=mm&r=g","caption":"Francesco Gemin"},"url":"https:\/\/astoria.bo.it\/de\/author\/franc_83kai\/"}]}},"_links":{"self":[{"href":"https:\/\/astoria.bo.it\/de\/wp-json\/wp\/v2\/posts\/5849","targetHints":{"allow":["GET"]}}],"collection":[{"href":"https:\/\/astoria.bo.it\/de\/wp-json\/wp\/v2\/posts"}],"about":[{"href":"https:\/\/astoria.bo.it\/de\/wp-json\/wp\/v2\/types\/post"}],"author":[{"embeddable":true,"href":"https:\/\/astoria.bo.it\/de\/wp-json\/wp\/v2\/users\/3"}],"replies":[{"embeddable":true,"href":"https:\/\/astoria.bo.it\/de\/wp-json\/wp\/v2\/comments?post=5849"}],"version-history":[{"count":0,"href":"https:\/\/astoria.bo.it\/de\/wp-json\/wp\/v2\/posts\/5849\/revisions"}],"wp:featuredmedia":[{"embeddable":true,"href":"https:\/\/astoria.bo.it\/de\/wp-json\/wp\/v2\/media\/6170"}],"wp:attachment":[{"href":"https:\/\/astoria.bo.it\/de\/wp-json\/wp\/v2\/media?parent=5849"}],"wp:term":[{"taxonomy":"category","embeddable":true,"href":"https:\/\/astoria.bo.it\/de\/wp-json\/wp\/v2\/categories?post=5849"},{"taxonomy":"post_tag","embeddable":true,"href":"https:\/\/astoria.bo.it\/de\/wp-json\/wp\/v2\/tags?post=5849"}],"curies":[{"name":"wp","href":"https:\/\/api.w.org\/{rel}","templated":true}]}}