{"id":5840,"date":"2024-05-16T16:44:34","date_gmt":"2024-05-16T14:44:34","guid":{"rendered":"https:\/\/astoria.promoservicebeta.com\/nationale-weinmesse-bologna-in-vino-kehrt-in-die-stadt-zurueck\/"},"modified":"2025-03-07T17:26:46","modified_gmt":"2025-03-07T16:26:46","slug":"nationale-weinmesse-bologna-in-vino-kehrt-in-die-stadt-zurueck","status":"publish","type":"post","link":"https:\/\/astoria.bo.it\/de\/nationale-weinmesse-bologna-in-vino-kehrt-in-die-stadt-zurueck\/","title":{"rendered":"Nationale Weinmesse: &#8218;Bologna in Vino&#8216; kehrt in die Stadt zur\u00fcck"},"content":{"rendered":"<p>Eine der am sehnlichsten erwarteten Veranstaltungen f\u00fcr Liebhaber guter Weine ist endlich wieder in Bologna:<strong>&#8218;Bologna in<\/strong> Vino&#8216;, die nationale Weinmesse. Die Veranstaltung findet im <strong>Spazio DumBO<\/strong> statt, einem Stadterneuerungsprojekt, das den ehemaligen G\u00fcterbahnhof Ravone in ein gro\u00dfes multifunktionales Stadtviertel verwandelt hat. <\/p>\n<p>Bei Bologna in Vino k\u00f6nnen Sie Weine probieren und Erzeuger aus ganz Italien treffen. Von den sprudelnden Weinen des Nordostens \u00fcber die duftenden Wei\u00dfweine des S\u00fcdens bis hin zu den strukturierten Rotweinen Venetiens und der Toskana k\u00f6nnen die Besucher eine <strong>einzigartige kulinarische und weinkundliche Reise<\/strong> durch den Stiefel unternehmen. <\/p>\n<p>Die Messe findet am <strong>25. und 26. Mai 2024<\/strong> statt und bietet den Teilnehmern die M\u00f6glichkeit, Hunderte von Etiketten direkt von den Erzeugern zu verkosten und zu kaufen, ohne Zwischenh\u00e4ndler. Auf der Veranstaltung werden Sie neue Etiketten entdecken und Ihr \u00f6nologisches Wissen vertiefen. <\/p>\n<p>Die Mission ist klar: der \u00d6ffentlichkeit kleine Produzenten mit Leidenschaft, Transparenz und Erfahrung n\u00e4her zu bringen, authentische Beziehungen zu schaffen und Erlebnisse anzubieten, die Kultur und Unterhaltung verbinden.<\/p>\n<p>W\u00e4hrend der Messe wird es auch m\u00f6glich sein, an unbegrenzten Verkostungen und<strong> Masterclasses von Assosommelier teilzunehmen,<\/strong> um das Wissen \u00fcber die Welt des Weins zu vertiefen und neue Geschmacksrichtungen und Aromen zu entdecken. Der t\u00e4gliche Eintritt garantiert den Besuchern den Zugang zu einem unvergesslichen Wein- und Essenserlebnis, das Tradition, Innovation und die Leidenschaft f\u00fcr guten Wein vereint. <\/p>\n<p><strong>Verpassen Sie nicht die Gelegenheit, italienische Spitzenweine zu entdecken!<\/strong><\/p>\n","protected":false},"excerpt":{"rendered":"<p>Eine der am sehnlichsten erwarteten Veranstaltungen f\u00fcr Liebhaber guter Weine ist endlich wieder in Bologna:&#8218;Bologna in Vino&#8216;, die nationale Weinmesse. Die Veranstaltung findet im Spazio DumBO statt, einem Stadterneuerungsprojekt, das den ehemaligen G\u00fcterbahnhof Ravone in ein gro\u00dfes multifunktionales Stadtviertel verwandelt hat. Bei Bologna in Vino k\u00f6nnen Sie Weine probieren und Erzeuger aus ganz Italien treffen. [&hellip;]<\/p>\n","protected":false},"author":3,"featured_media":6174,"comment_status":"closed","ping_status":"closed","sticky":false,"template":"","format":"standard","meta":{"_acf_changed":false,"footnotes":""},"categories":[29],"tags":[],"class_list":["post-5840","post","type-post","status-publish","format-standard","has-post-thumbnail","hentry","category-bologna-de"],"acf":[],"yoast_head":"<!-- This site is optimized with the Yoast SEO plugin v27.3 - https:\/\/yoast.com\/product\/yoast-seo-wordpress\/ -->\n<title>Nationale Weinmesse: &#039;Bologna in Vino&#039; kehrt in die Stadt zur\u00fcck - Hotel Astoria Bologna<\/title>\n<meta name=\"description\" content=\"Am 25. und 26. Mai 2024 kehrt eine der am sehnlichsten erwarteten Veranstaltungen f\u00fcr Weinliebhaber nach Bologna zur\u00fcck: &#039;Bologna in Vino&#039;, die nationale Weinmesse.\" \/>\n<meta name=\"robots\" content=\"index, follow, max-snippet:-1, max-image-preview:large, max-video-preview:-1\" \/>\n<link rel=\"canonical\" href=\"https:\/\/astoria.bo.it\/de\/nationale-weinmesse-bologna-in-vino-kehrt-in-die-stadt-zurueck\/\" \/>\n<meta property=\"og:locale\" content=\"de_DE\" \/>\n<meta property=\"og:type\" content=\"article\" \/>\n<meta property=\"og:title\" content=\"Nationale Weinmesse: &#039;Bologna in Vino&#039; kehrt in die Stadt zur\u00fcck - Hotel Astoria Bologna\" \/>\n<meta property=\"og:description\" content=\"Am 25. und 26. Mai 2024 kehrt eine der am sehnlichsten erwarteten Veranstaltungen f\u00fcr Weinliebhaber nach Bologna zur\u00fcck: &#039;Bologna in Vino&#039;, die nationale Weinmesse.\" \/>\n<meta property=\"og:url\" content=\"https:\/\/astoria.bo.it\/de\/nationale-weinmesse-bologna-in-vino-kehrt-in-die-stadt-zurueck\/\" \/>\n<meta property=\"og:site_name\" content=\"Hotel Astoria Bologna\" \/>\n<meta property=\"article:published_time\" content=\"2024-05-16T14:44:34+00:00\" \/>\n<meta property=\"article:modified_time\" content=\"2025-03-07T16:26:46+00:00\" \/>\n<meta property=\"og:image\" content=\"https:\/\/astoria.bo.it\/wp-content\/uploads\/2024\/06\/articoli-astoria-bologna-4-3.jpeg\" \/>\n\t<meta property=\"og:image:width\" content=\"1920\" \/>\n\t<meta property=\"og:image:height\" content=\"1080\" \/>\n\t<meta property=\"og:image:type\" content=\"image\/jpeg\" \/>\n<meta name=\"author\" content=\"Francesco Gemin\" \/>\n<meta name=\"twitter:card\" content=\"summary_large_image\" \/>\n<meta name=\"twitter:label1\" content=\"Verfasst von\" \/>\n\t<meta name=\"twitter:data1\" content=\"Francesco Gemin\" \/>\n\t<meta name=\"twitter:label2\" content=\"Gesch\u00e4tzte Lesezeit\" \/>\n\t<meta name=\"twitter:data2\" content=\"2\u00a0Minuten\" \/>\n<script type=\"application\/ld+json\" class=\"yoast-schema-graph\">{\"@context\":\"https:\\\/\\\/schema.org\",\"@graph\":[{\"@type\":\"Article\",\"@id\":\"https:\\\/\\\/astoria.bo.it\\\/de\\\/nationale-weinmesse-bologna-in-vino-kehrt-in-die-stadt-zurueck\\\/#article\",\"isPartOf\":{\"@id\":\"https:\\\/\\\/astoria.bo.it\\\/de\\\/nationale-weinmesse-bologna-in-vino-kehrt-in-die-stadt-zurueck\\\/\"},\"author\":{\"name\":\"Francesco Gemin\",\"@id\":\"https:\\\/\\\/astoria.bo.it\\\/de\\\/#\\\/schema\\\/person\\\/8949b71bfa9def19232cff24cbc37123\"},\"headline\":\"Nationale Weinmesse: &#8218;Bologna in Vino&#8216; kehrt in die Stadt zur\u00fcck\",\"datePublished\":\"2024-05-16T14:44:34+00:00\",\"dateModified\":\"2025-03-07T16:26:46+00:00\",\"mainEntityOfPage\":{\"@id\":\"https:\\\/\\\/astoria.bo.it\\\/de\\\/nationale-weinmesse-bologna-in-vino-kehrt-in-die-stadt-zurueck\\\/\"},\"wordCount\":250,\"publisher\":{\"@id\":\"https:\\\/\\\/astoria.bo.it\\\/de\\\/#organization\"},\"image\":{\"@id\":\"https:\\\/\\\/astoria.bo.it\\\/de\\\/nationale-weinmesse-bologna-in-vino-kehrt-in-die-stadt-zurueck\\\/#primaryimage\"},\"thumbnailUrl\":\"https:\\\/\\\/astoria.bo.it\\\/wp-content\\\/uploads\\\/2024\\\/06\\\/articoli-astoria-bologna-4-3.jpeg\",\"articleSection\":[\"Bologna\"],\"inLanguage\":\"de\"},{\"@type\":\"WebPage\",\"@id\":\"https:\\\/\\\/astoria.bo.it\\\/de\\\/nationale-weinmesse-bologna-in-vino-kehrt-in-die-stadt-zurueck\\\/\",\"url\":\"https:\\\/\\\/astoria.bo.it\\\/de\\\/nationale-weinmesse-bologna-in-vino-kehrt-in-die-stadt-zurueck\\\/\",\"name\":\"Nationale Weinmesse: 'Bologna in Vino' kehrt in die Stadt zur\u00fcck - Hotel Astoria Bologna\",\"isPartOf\":{\"@id\":\"https:\\\/\\\/astoria.bo.it\\\/de\\\/#website\"},\"primaryImageOfPage\":{\"@id\":\"https:\\\/\\\/astoria.bo.it\\\/de\\\/nationale-weinmesse-bologna-in-vino-kehrt-in-die-stadt-zurueck\\\/#primaryimage\"},\"image\":{\"@id\":\"https:\\\/\\\/astoria.bo.it\\\/de\\\/nationale-weinmesse-bologna-in-vino-kehrt-in-die-stadt-zurueck\\\/#primaryimage\"},\"thumbnailUrl\":\"https:\\\/\\\/astoria.bo.it\\\/wp-content\\\/uploads\\\/2024\\\/06\\\/articoli-astoria-bologna-4-3.jpeg\",\"datePublished\":\"2024-05-16T14:44:34+00:00\",\"dateModified\":\"2025-03-07T16:26:46+00:00\",\"description\":\"Am 25. und 26. Mai 2024 kehrt eine der am sehnlichsten erwarteten Veranstaltungen f\u00fcr Weinliebhaber nach Bologna zur\u00fcck: 'Bologna in Vino', die nationale Weinmesse.\",\"breadcrumb\":{\"@id\":\"https:\\\/\\\/astoria.bo.it\\\/de\\\/nationale-weinmesse-bologna-in-vino-kehrt-in-die-stadt-zurueck\\\/#breadcrumb\"},\"inLanguage\":\"de\",\"potentialAction\":[{\"@type\":\"ReadAction\",\"target\":[\"https:\\\/\\\/astoria.bo.it\\\/de\\\/nationale-weinmesse-bologna-in-vino-kehrt-in-die-stadt-zurueck\\\/\"]}]},{\"@type\":\"ImageObject\",\"inLanguage\":\"de\",\"@id\":\"https:\\\/\\\/astoria.bo.it\\\/de\\\/nationale-weinmesse-bologna-in-vino-kehrt-in-die-stadt-zurueck\\\/#primaryimage\",\"url\":\"https:\\\/\\\/astoria.bo.it\\\/wp-content\\\/uploads\\\/2024\\\/06\\\/articoli-astoria-bologna-4-3.jpeg\",\"contentUrl\":\"https:\\\/\\\/astoria.bo.it\\\/wp-content\\\/uploads\\\/2024\\\/06\\\/articoli-astoria-bologna-4-3.jpeg\",\"width\":1920,\"height\":1080},{\"@type\":\"BreadcrumbList\",\"@id\":\"https:\\\/\\\/astoria.bo.it\\\/de\\\/nationale-weinmesse-bologna-in-vino-kehrt-in-die-stadt-zurueck\\\/#breadcrumb\",\"itemListElement\":[{\"@type\":\"ListItem\",\"position\":1,\"name\":\"Home\",\"item\":\"https:\\\/\\\/astoria.bo.it\\\/de\\\/\"},{\"@type\":\"ListItem\",\"position\":2,\"name\":\"Nationale Weinmesse: &#8216;Bologna in Vino&#8217; kehrt in die Stadt zur\u00fcck\"}]},{\"@type\":\"WebSite\",\"@id\":\"https:\\\/\\\/astoria.bo.it\\\/de\\\/#website\",\"url\":\"https:\\\/\\\/astoria.bo.it\\\/de\\\/\",\"name\":\"Hotel Astoria Bologna\",\"description\":\"\",\"publisher\":{\"@id\":\"https:\\\/\\\/astoria.bo.it\\\/de\\\/#organization\"},\"potentialAction\":[{\"@type\":\"SearchAction\",\"target\":{\"@type\":\"EntryPoint\",\"urlTemplate\":\"https:\\\/\\\/astoria.bo.it\\\/de\\\/?s={search_term_string}\"},\"query-input\":{\"@type\":\"PropertyValueSpecification\",\"valueRequired\":true,\"valueName\":\"search_term_string\"}}],\"inLanguage\":\"de\"},{\"@type\":\"Organization\",\"@id\":\"https:\\\/\\\/astoria.bo.it\\\/de\\\/#organization\",\"name\":\"Hotel Astoria Bologna\",\"url\":\"https:\\\/\\\/astoria.bo.it\\\/de\\\/\",\"logo\":{\"@type\":\"ImageObject\",\"inLanguage\":\"de\",\"@id\":\"https:\\\/\\\/astoria.bo.it\\\/de\\\/#\\\/schema\\\/logo\\\/image\\\/\",\"url\":\"https:\\\/\\\/astoria.bo.it\\\/wp-content\\\/uploads\\\/2024\\\/10\\\/logo-sito-header.webp\",\"contentUrl\":\"https:\\\/\\\/astoria.bo.it\\\/wp-content\\\/uploads\\\/2024\\\/10\\\/logo-sito-header.webp\",\"width\":165,\"height\":133,\"caption\":\"Hotel Astoria Bologna\"},\"image\":{\"@id\":\"https:\\\/\\\/astoria.bo.it\\\/de\\\/#\\\/schema\\\/logo\\\/image\\\/\"}},{\"@type\":\"Person\",\"@id\":\"https:\\\/\\\/astoria.bo.it\\\/de\\\/#\\\/schema\\\/person\\\/8949b71bfa9def19232cff24cbc37123\",\"name\":\"Francesco Gemin\",\"image\":{\"@type\":\"ImageObject\",\"inLanguage\":\"de\",\"@id\":\"https:\\\/\\\/secure.gravatar.com\\\/avatar\\\/584fc071ed801cfc28472c1170c0f8b853d028daef4ab569382c91d3702b2174?s=96&d=mm&r=g\",\"url\":\"https:\\\/\\\/secure.gravatar.com\\\/avatar\\\/584fc071ed801cfc28472c1170c0f8b853d028daef4ab569382c91d3702b2174?s=96&d=mm&r=g\",\"contentUrl\":\"https:\\\/\\\/secure.gravatar.com\\\/avatar\\\/584fc071ed801cfc28472c1170c0f8b853d028daef4ab569382c91d3702b2174?s=96&d=mm&r=g\",\"caption\":\"Francesco Gemin\"},\"url\":\"https:\\\/\\\/astoria.bo.it\\\/de\\\/author\\\/franc_83kai\\\/\"}]}<\/script>\n<!-- \/ Yoast SEO plugin. -->","yoast_head_json":{"title":"Nationale Weinmesse: 'Bologna in Vino' kehrt in die Stadt zur\u00fcck - Hotel Astoria Bologna","description":"Am 25. und 26. Mai 2024 kehrt eine der am sehnlichsten erwarteten Veranstaltungen f\u00fcr Weinliebhaber nach Bologna zur\u00fcck: 'Bologna in Vino', die nationale Weinmesse.","robots":{"index":"index","follow":"follow","max-snippet":"max-snippet:-1","max-image-preview":"max-image-preview:large","max-video-preview":"max-video-preview:-1"},"canonical":"https:\/\/astoria.bo.it\/de\/nationale-weinmesse-bologna-in-vino-kehrt-in-die-stadt-zurueck\/","og_locale":"de_DE","og_type":"article","og_title":"Nationale Weinmesse: 'Bologna in Vino' kehrt in die Stadt zur\u00fcck - Hotel Astoria Bologna","og_description":"Am 25. und 26. Mai 2024 kehrt eine der am sehnlichsten erwarteten Veranstaltungen f\u00fcr Weinliebhaber nach Bologna zur\u00fcck: 'Bologna in Vino', die nationale Weinmesse.","og_url":"https:\/\/astoria.bo.it\/de\/nationale-weinmesse-bologna-in-vino-kehrt-in-die-stadt-zurueck\/","og_site_name":"Hotel Astoria Bologna","article_published_time":"2024-05-16T14:44:34+00:00","article_modified_time":"2025-03-07T16:26:46+00:00","og_image":[{"width":1920,"height":1080,"url":"https:\/\/astoria.bo.it\/wp-content\/uploads\/2024\/06\/articoli-astoria-bologna-4-3.jpeg","type":"image\/jpeg"}],"author":"Francesco Gemin","twitter_card":"summary_large_image","twitter_misc":{"Verfasst von":"Francesco Gemin","Gesch\u00e4tzte Lesezeit":"2\u00a0Minuten"},"schema":{"@context":"https:\/\/schema.org","@graph":[{"@type":"Article","@id":"https:\/\/astoria.bo.it\/de\/nationale-weinmesse-bologna-in-vino-kehrt-in-die-stadt-zurueck\/#article","isPartOf":{"@id":"https:\/\/astoria.bo.it\/de\/nationale-weinmesse-bologna-in-vino-kehrt-in-die-stadt-zurueck\/"},"author":{"name":"Francesco Gemin","@id":"https:\/\/astoria.bo.it\/de\/#\/schema\/person\/8949b71bfa9def19232cff24cbc37123"},"headline":"Nationale Weinmesse: &#8218;Bologna in Vino&#8216; kehrt in die Stadt zur\u00fcck","datePublished":"2024-05-16T14:44:34+00:00","dateModified":"2025-03-07T16:26:46+00:00","mainEntityOfPage":{"@id":"https:\/\/astoria.bo.it\/de\/nationale-weinmesse-bologna-in-vino-kehrt-in-die-stadt-zurueck\/"},"wordCount":250,"publisher":{"@id":"https:\/\/astoria.bo.it\/de\/#organization"},"image":{"@id":"https:\/\/astoria.bo.it\/de\/nationale-weinmesse-bologna-in-vino-kehrt-in-die-stadt-zurueck\/#primaryimage"},"thumbnailUrl":"https:\/\/astoria.bo.it\/wp-content\/uploads\/2024\/06\/articoli-astoria-bologna-4-3.jpeg","articleSection":["Bologna"],"inLanguage":"de"},{"@type":"WebPage","@id":"https:\/\/astoria.bo.it\/de\/nationale-weinmesse-bologna-in-vino-kehrt-in-die-stadt-zurueck\/","url":"https:\/\/astoria.bo.it\/de\/nationale-weinmesse-bologna-in-vino-kehrt-in-die-stadt-zurueck\/","name":"Nationale Weinmesse: 'Bologna in Vino' kehrt in die Stadt zur\u00fcck - Hotel Astoria Bologna","isPartOf":{"@id":"https:\/\/astoria.bo.it\/de\/#website"},"primaryImageOfPage":{"@id":"https:\/\/astoria.bo.it\/de\/nationale-weinmesse-bologna-in-vino-kehrt-in-die-stadt-zurueck\/#primaryimage"},"image":{"@id":"https:\/\/astoria.bo.it\/de\/nationale-weinmesse-bologna-in-vino-kehrt-in-die-stadt-zurueck\/#primaryimage"},"thumbnailUrl":"https:\/\/astoria.bo.it\/wp-content\/uploads\/2024\/06\/articoli-astoria-bologna-4-3.jpeg","datePublished":"2024-05-16T14:44:34+00:00","dateModified":"2025-03-07T16:26:46+00:00","description":"Am 25. und 26. Mai 2024 kehrt eine der am sehnlichsten erwarteten Veranstaltungen f\u00fcr Weinliebhaber nach Bologna zur\u00fcck: 'Bologna in Vino', die nationale Weinmesse.","breadcrumb":{"@id":"https:\/\/astoria.bo.it\/de\/nationale-weinmesse-bologna-in-vino-kehrt-in-die-stadt-zurueck\/#breadcrumb"},"inLanguage":"de","potentialAction":[{"@type":"ReadAction","target":["https:\/\/astoria.bo.it\/de\/nationale-weinmesse-bologna-in-vino-kehrt-in-die-stadt-zurueck\/"]}]},{"@type":"ImageObject","inLanguage":"de","@id":"https:\/\/astoria.bo.it\/de\/nationale-weinmesse-bologna-in-vino-kehrt-in-die-stadt-zurueck\/#primaryimage","url":"https:\/\/astoria.bo.it\/wp-content\/uploads\/2024\/06\/articoli-astoria-bologna-4-3.jpeg","contentUrl":"https:\/\/astoria.bo.it\/wp-content\/uploads\/2024\/06\/articoli-astoria-bologna-4-3.jpeg","width":1920,"height":1080},{"@type":"BreadcrumbList","@id":"https:\/\/astoria.bo.it\/de\/nationale-weinmesse-bologna-in-vino-kehrt-in-die-stadt-zurueck\/#breadcrumb","itemListElement":[{"@type":"ListItem","position":1,"name":"Home","item":"https:\/\/astoria.bo.it\/de\/"},{"@type":"ListItem","position":2,"name":"Nationale Weinmesse: &#8216;Bologna in Vino&#8217; kehrt in die Stadt zur\u00fcck"}]},{"@type":"WebSite","@id":"https:\/\/astoria.bo.it\/de\/#website","url":"https:\/\/astoria.bo.it\/de\/","name":"Hotel Astoria Bologna","description":"","publisher":{"@id":"https:\/\/astoria.bo.it\/de\/#organization"},"potentialAction":[{"@type":"SearchAction","target":{"@type":"EntryPoint","urlTemplate":"https:\/\/astoria.bo.it\/de\/?s={search_term_string}"},"query-input":{"@type":"PropertyValueSpecification","valueRequired":true,"valueName":"search_term_string"}}],"inLanguage":"de"},{"@type":"Organization","@id":"https:\/\/astoria.bo.it\/de\/#organization","name":"Hotel Astoria Bologna","url":"https:\/\/astoria.bo.it\/de\/","logo":{"@type":"ImageObject","inLanguage":"de","@id":"https:\/\/astoria.bo.it\/de\/#\/schema\/logo\/image\/","url":"https:\/\/astoria.bo.it\/wp-content\/uploads\/2024\/10\/logo-sito-header.webp","contentUrl":"https:\/\/astoria.bo.it\/wp-content\/uploads\/2024\/10\/logo-sito-header.webp","width":165,"height":133,"caption":"Hotel Astoria Bologna"},"image":{"@id":"https:\/\/astoria.bo.it\/de\/#\/schema\/logo\/image\/"}},{"@type":"Person","@id":"https:\/\/astoria.bo.it\/de\/#\/schema\/person\/8949b71bfa9def19232cff24cbc37123","name":"Francesco Gemin","image":{"@type":"ImageObject","inLanguage":"de","@id":"https:\/\/secure.gravatar.com\/avatar\/584fc071ed801cfc28472c1170c0f8b853d028daef4ab569382c91d3702b2174?s=96&d=mm&r=g","url":"https:\/\/secure.gravatar.com\/avatar\/584fc071ed801cfc28472c1170c0f8b853d028daef4ab569382c91d3702b2174?s=96&d=mm&r=g","contentUrl":"https:\/\/secure.gravatar.com\/avatar\/584fc071ed801cfc28472c1170c0f8b853d028daef4ab569382c91d3702b2174?s=96&d=mm&r=g","caption":"Francesco Gemin"},"url":"https:\/\/astoria.bo.it\/de\/author\/franc_83kai\/"}]}},"_links":{"self":[{"href":"https:\/\/astoria.bo.it\/de\/wp-json\/wp\/v2\/posts\/5840","targetHints":{"allow":["GET"]}}],"collection":[{"href":"https:\/\/astoria.bo.it\/de\/wp-json\/wp\/v2\/posts"}],"about":[{"href":"https:\/\/astoria.bo.it\/de\/wp-json\/wp\/v2\/types\/post"}],"author":[{"embeddable":true,"href":"https:\/\/astoria.bo.it\/de\/wp-json\/wp\/v2\/users\/3"}],"replies":[{"embeddable":true,"href":"https:\/\/astoria.bo.it\/de\/wp-json\/wp\/v2\/comments?post=5840"}],"version-history":[{"count":0,"href":"https:\/\/astoria.bo.it\/de\/wp-json\/wp\/v2\/posts\/5840\/revisions"}],"wp:featuredmedia":[{"embeddable":true,"href":"https:\/\/astoria.bo.it\/de\/wp-json\/wp\/v2\/media\/6174"}],"wp:attachment":[{"href":"https:\/\/astoria.bo.it\/de\/wp-json\/wp\/v2\/media?parent=5840"}],"wp:term":[{"taxonomy":"category","embeddable":true,"href":"https:\/\/astoria.bo.it\/de\/wp-json\/wp\/v2\/categories?post=5840"},{"taxonomy":"post_tag","embeddable":true,"href":"https:\/\/astoria.bo.it\/de\/wp-json\/wp\/v2\/tags?post=5840"}],"curies":[{"name":"wp","href":"https:\/\/api.w.org\/{rel}","templated":true}]}}