{"id":5838,"date":"2024-04-02T11:39:02","date_gmt":"2024-04-02T09:39:02","guid":{"rendered":"https:\/\/astoria.promoservicebeta.com\/die-orte-von-lucio-dalla\/"},"modified":"2025-03-07T17:29:50","modified_gmt":"2025-03-07T16:29:50","slug":"die-orte-von-lucio-dalla","status":"publish","type":"post","link":"https:\/\/astoria.bo.it\/de\/die-orte-von-lucio-dalla\/","title":{"rendered":"Die Orte von Lucio Dalla"},"content":{"rendered":"<p>Lucio Dalla ist und wird f\u00fcr immer eine der beliebtesten Pers\u00f6nlichkeiten Bolognas sein. Geboren und aufgewachsen in der Stadt Bologna, waren der Liedermacher und Bologna durch einen d\u00fcnnen roten Faden verbunden, der aus Liedern und Orten bestand, die ihn inspirierten. <\/p>\n<p>In diesem Artikel erz\u00e4hlen wir Ihnen von den Pl\u00e4tzen, Stra\u00dfen und Geb\u00e4uden, die in seinem Leben eine wichtige Rolle spielten. Entdecken Sie ein originelles und ungew\u00f6hnliches Bologna auf den Spuren von Lucio Dalla. <\/p>\n<p><strong>Hausmuseum, Via d&#8217;Azeglio<\/strong><br \/>\nDie Tour beginnt am Bologneser Haus in der Via d&#8217;Azeglio Nummer 15. An der Fassade dieses eleganten Bologneser Palazzos aus dem 15. Jahrhundert befindet sich heute eine Gedenktafel, die auf die Lucio Dalla Stiftung hinweist. Bis vor ein paar Jahren konnte man die beiden Glocken mit den Namen &#8218;Comm. Domenico Sputo&#8216; und &#8218;Avvocato Alvaro Tritone&#8216; lesen. Beide Pseudonyme wurden von dem K\u00fcnstler erfunden, um die Neugierigen zu t\u00e4uschen. Hier fand der Liedermacher Inspiration, nachdem er durch die Caf\u00e9s und Boutiquen geschlendert war, und heute ist es ein Museum und ein Wallfahrtsort f\u00fcr Fans. W\u00e4hrend des Besuchs k\u00f6nnen Sie den Caruso-Saal bewundern, der immer noch der Sitz des von Lucio Dalla gegr\u00fcndeten Plattenlabels ist, die Stanza delle Colonne, ein pr\u00e4chtiges Wohnzimmer, das die k\u00fcnstlerische Pracht der Bologneser Pal\u00e4ste zum Ausdruck bringt, und sein Studio, in dem er seine engsten Mitarbeiter empfing.     <\/p>\n<p><strong>Piazza de&#8216; Celestini<br \/>\n<\/strong>Auf diesem Platz k\u00f6nnen Sie eine Installation bewundern, die an Lucio Dalla erinnert. Wenn Sie nach oben auf den kleinen Balkon seines Ateliers schauen, sehen Sie ein Metallnetz, das ihn beim Saxophonspielen zeigt, umgeben von M\u00f6wen. <\/p>\n<p><strong>Piazza<\/strong>Cavour <strong><br \/>\n Auf der Piazza Cavour, der Nummer 2, wurde Lucio Dalla am 4. M\u00e4rz 1943 geboren. Und im Gegensatz zu dem, was viele glauben, ist die &#8218;Piazza Grande&#8216; des Liedes nicht die Piazza Maggiore, sondern die Piazza Cavour. Hier steht in der Tat seine Statue, die auf einer Bank sitzt, als ob sie sich an den vorbeiziehenden Menschen erfreut.<\/strong> <\/p>\n<p><strong>Piazza e Basilica di San Domenico<br \/>\n<\/strong>Zu diesem eleganten Platz kam der junge Lucio Dalla als Kind, um mit den anderen Kindern aus der Nachbarschaft zu spielen. Als Erwachsener hingegen ging er in die Basilika, um zu beten. <\/p>\n<p><strong>Via<\/strong>degli Orefici <strong><br \/>\n Bolognas Jazzstra\u00dfe, die Via degli Orefici, erinnert mit einer Reihe wei\u00dfer und goldener Sterne entlang des B\u00fcrgersteigs an einige der gr\u00f6\u00dften Musiker der Welt, die in der Stadt gespielt haben. Nat\u00fcrlich hat auch Lucio Dalla seinen Stern, finden Sie ihn unter den anderen!<\/strong><br \/>\nJazz spielte sicherlich eine wichtige Rolle im Leben des Singer-Songwriters, der als Autodidakt in der ber\u00fchmten Dr. Dixie Jazz Band Klarinette spielen lernte und sp\u00e4ter im Kinki Club, einem der ber\u00fchmtesten Jazzclubs in Bologna, auftrat.<\/p>\n<p><strong>Stadion Renato Dall&#8217;Ara<br \/>\n<\/strong>Lucio Dalla war ein gro\u00dfer Liebhaber des Sports und auch von Bologna. Vor allem der Fu\u00dfball hatte einen besonderen Platz in seinem Herzen und es war keine Seltenheit, ihn auf der Trib\u00fcne des Dall&#8217;Ara-Stadions mit einem rot-blauen Schal um den Hals zu sehen. Dalla widmete Baggio w\u00e4hrend seiner Jahre in Bologna sogar ein Lied, &#8218;Baggio Baggio&#8216;, in dem er seine epischen Heldentaten beschreibt. Der letzte Halt auf dieser Tour konnte also nur das Stadion sein.   <\/p>\n<p>Wie w\u00e4re es, bei Ihrem n\u00e4chsten Aufenthalt im Hotel Astoria in die Fu\u00dfstapfen von Lucio Dalla zu treten?<\/p>\n","protected":false},"excerpt":{"rendered":"<p>Lucio Dalla ist und wird f\u00fcr immer eine der beliebtesten Pers\u00f6nlichkeiten Bolognas sein. Geboren und aufgewachsen in der Stadt Bologna, waren der Liedermacher und Bologna durch einen d\u00fcnnen roten Faden verbunden, der aus Liedern und Orten bestand, die ihn inspirierten. In diesem Artikel erz\u00e4hlen wir Ihnen von den Pl\u00e4tzen, Stra\u00dfen und Geb\u00e4uden, die in seinem [&hellip;]<\/p>\n","protected":false},"author":3,"featured_media":6190,"comment_status":"closed","ping_status":"closed","sticky":false,"template":"","format":"standard","meta":{"_acf_changed":false,"footnotes":""},"categories":[29],"tags":[],"class_list":["post-5838","post","type-post","status-publish","format-standard","has-post-thumbnail","hentry","category-bologna-de"],"acf":[],"yoast_head":"<!-- This site is optimized with the Yoast SEO plugin v27.3 - https:\/\/yoast.com\/product\/yoast-seo-wordpress\/ -->\n<title>Die Orte von Lucio Dalla - Hotel Astoria Bologna<\/title>\n<meta name=\"robots\" content=\"index, follow, max-snippet:-1, max-image-preview:large, max-video-preview:-1\" \/>\n<link rel=\"canonical\" href=\"https:\/\/astoria.bo.it\/de\/die-orte-von-lucio-dalla\/\" \/>\n<meta property=\"og:locale\" content=\"de_DE\" \/>\n<meta property=\"og:type\" content=\"article\" \/>\n<meta property=\"og:title\" content=\"Die Orte von Lucio Dalla - Hotel Astoria Bologna\" \/>\n<meta property=\"og:description\" content=\"Lucio Dalla ist und wird f\u00fcr immer eine der beliebtesten Pers\u00f6nlichkeiten Bolognas sein. Geboren und aufgewachsen in der Stadt Bologna, waren der Liedermacher und Bologna durch einen d\u00fcnnen roten Faden verbunden, der aus Liedern und Orten bestand, die ihn inspirierten. In diesem Artikel erz\u00e4hlen wir Ihnen von den Pl\u00e4tzen, Stra\u00dfen und Geb\u00e4uden, die in seinem [&hellip;]\" \/>\n<meta property=\"og:url\" content=\"https:\/\/astoria.bo.it\/de\/die-orte-von-lucio-dalla\/\" \/>\n<meta property=\"og:site_name\" content=\"Hotel Astoria Bologna\" \/>\n<meta property=\"article:published_time\" content=\"2024-04-02T09:39:02+00:00\" \/>\n<meta property=\"article:modified_time\" content=\"2025-03-07T16:29:50+00:00\" \/>\n<meta property=\"og:image\" content=\"https:\/\/astoria.bo.it\/wp-content\/uploads\/2024\/04\/articoli-astoria-bologna-1.jpeg\" \/>\n\t<meta property=\"og:image:width\" content=\"1920\" \/>\n\t<meta property=\"og:image:height\" content=\"1080\" \/>\n\t<meta property=\"og:image:type\" content=\"image\/jpeg\" \/>\n<meta name=\"author\" content=\"Francesco Gemin\" \/>\n<meta name=\"twitter:card\" content=\"summary_large_image\" \/>\n<meta name=\"twitter:label1\" content=\"Verfasst von\" \/>\n\t<meta name=\"twitter:data1\" content=\"Francesco Gemin\" \/>\n\t<meta name=\"twitter:label2\" content=\"Gesch\u00e4tzte Lesezeit\" \/>\n\t<meta name=\"twitter:data2\" content=\"4\u00a0Minuten\" \/>\n<script type=\"application\/ld+json\" class=\"yoast-schema-graph\">{\"@context\":\"https:\\\/\\\/schema.org\",\"@graph\":[{\"@type\":\"Article\",\"@id\":\"https:\\\/\\\/astoria.bo.it\\\/de\\\/die-orte-von-lucio-dalla\\\/#article\",\"isPartOf\":{\"@id\":\"https:\\\/\\\/astoria.bo.it\\\/de\\\/die-orte-von-lucio-dalla\\\/\"},\"author\":{\"name\":\"Francesco Gemin\",\"@id\":\"https:\\\/\\\/astoria.bo.it\\\/de\\\/#\\\/schema\\\/person\\\/8949b71bfa9def19232cff24cbc37123\"},\"headline\":\"Die Orte von Lucio Dalla\",\"datePublished\":\"2024-04-02T09:39:02+00:00\",\"dateModified\":\"2025-03-07T16:29:50+00:00\",\"mainEntityOfPage\":{\"@id\":\"https:\\\/\\\/astoria.bo.it\\\/de\\\/die-orte-von-lucio-dalla\\\/\"},\"wordCount\":568,\"publisher\":{\"@id\":\"https:\\\/\\\/astoria.bo.it\\\/de\\\/#organization\"},\"image\":{\"@id\":\"https:\\\/\\\/astoria.bo.it\\\/de\\\/die-orte-von-lucio-dalla\\\/#primaryimage\"},\"thumbnailUrl\":\"https:\\\/\\\/astoria.bo.it\\\/wp-content\\\/uploads\\\/2024\\\/04\\\/articoli-astoria-bologna-1.jpeg\",\"articleSection\":[\"Bologna\"],\"inLanguage\":\"de\"},{\"@type\":\"WebPage\",\"@id\":\"https:\\\/\\\/astoria.bo.it\\\/de\\\/die-orte-von-lucio-dalla\\\/\",\"url\":\"https:\\\/\\\/astoria.bo.it\\\/de\\\/die-orte-von-lucio-dalla\\\/\",\"name\":\"Die Orte von Lucio Dalla - Hotel Astoria Bologna\",\"isPartOf\":{\"@id\":\"https:\\\/\\\/astoria.bo.it\\\/de\\\/#website\"},\"primaryImageOfPage\":{\"@id\":\"https:\\\/\\\/astoria.bo.it\\\/de\\\/die-orte-von-lucio-dalla\\\/#primaryimage\"},\"image\":{\"@id\":\"https:\\\/\\\/astoria.bo.it\\\/de\\\/die-orte-von-lucio-dalla\\\/#primaryimage\"},\"thumbnailUrl\":\"https:\\\/\\\/astoria.bo.it\\\/wp-content\\\/uploads\\\/2024\\\/04\\\/articoli-astoria-bologna-1.jpeg\",\"datePublished\":\"2024-04-02T09:39:02+00:00\",\"dateModified\":\"2025-03-07T16:29:50+00:00\",\"breadcrumb\":{\"@id\":\"https:\\\/\\\/astoria.bo.it\\\/de\\\/die-orte-von-lucio-dalla\\\/#breadcrumb\"},\"inLanguage\":\"de\",\"potentialAction\":[{\"@type\":\"ReadAction\",\"target\":[\"https:\\\/\\\/astoria.bo.it\\\/de\\\/die-orte-von-lucio-dalla\\\/\"]}]},{\"@type\":\"ImageObject\",\"inLanguage\":\"de\",\"@id\":\"https:\\\/\\\/astoria.bo.it\\\/de\\\/die-orte-von-lucio-dalla\\\/#primaryimage\",\"url\":\"https:\\\/\\\/astoria.bo.it\\\/wp-content\\\/uploads\\\/2024\\\/04\\\/articoli-astoria-bologna-1.jpeg\",\"contentUrl\":\"https:\\\/\\\/astoria.bo.it\\\/wp-content\\\/uploads\\\/2024\\\/04\\\/articoli-astoria-bologna-1.jpeg\",\"width\":1920,\"height\":1080},{\"@type\":\"BreadcrumbList\",\"@id\":\"https:\\\/\\\/astoria.bo.it\\\/de\\\/die-orte-von-lucio-dalla\\\/#breadcrumb\",\"itemListElement\":[{\"@type\":\"ListItem\",\"position\":1,\"name\":\"Home\",\"item\":\"https:\\\/\\\/astoria.bo.it\\\/de\\\/\"},{\"@type\":\"ListItem\",\"position\":2,\"name\":\"Die Orte von Lucio Dalla\"}]},{\"@type\":\"WebSite\",\"@id\":\"https:\\\/\\\/astoria.bo.it\\\/de\\\/#website\",\"url\":\"https:\\\/\\\/astoria.bo.it\\\/de\\\/\",\"name\":\"Hotel Astoria Bologna\",\"description\":\"\",\"publisher\":{\"@id\":\"https:\\\/\\\/astoria.bo.it\\\/de\\\/#organization\"},\"potentialAction\":[{\"@type\":\"SearchAction\",\"target\":{\"@type\":\"EntryPoint\",\"urlTemplate\":\"https:\\\/\\\/astoria.bo.it\\\/de\\\/?s={search_term_string}\"},\"query-input\":{\"@type\":\"PropertyValueSpecification\",\"valueRequired\":true,\"valueName\":\"search_term_string\"}}],\"inLanguage\":\"de\"},{\"@type\":\"Organization\",\"@id\":\"https:\\\/\\\/astoria.bo.it\\\/de\\\/#organization\",\"name\":\"Hotel Astoria Bologna\",\"url\":\"https:\\\/\\\/astoria.bo.it\\\/de\\\/\",\"logo\":{\"@type\":\"ImageObject\",\"inLanguage\":\"de\",\"@id\":\"https:\\\/\\\/astoria.bo.it\\\/de\\\/#\\\/schema\\\/logo\\\/image\\\/\",\"url\":\"https:\\\/\\\/astoria.bo.it\\\/wp-content\\\/uploads\\\/2024\\\/10\\\/logo-sito-header.webp\",\"contentUrl\":\"https:\\\/\\\/astoria.bo.it\\\/wp-content\\\/uploads\\\/2024\\\/10\\\/logo-sito-header.webp\",\"width\":165,\"height\":133,\"caption\":\"Hotel Astoria Bologna\"},\"image\":{\"@id\":\"https:\\\/\\\/astoria.bo.it\\\/de\\\/#\\\/schema\\\/logo\\\/image\\\/\"}},{\"@type\":\"Person\",\"@id\":\"https:\\\/\\\/astoria.bo.it\\\/de\\\/#\\\/schema\\\/person\\\/8949b71bfa9def19232cff24cbc37123\",\"name\":\"Francesco Gemin\",\"image\":{\"@type\":\"ImageObject\",\"inLanguage\":\"de\",\"@id\":\"https:\\\/\\\/secure.gravatar.com\\\/avatar\\\/584fc071ed801cfc28472c1170c0f8b853d028daef4ab569382c91d3702b2174?s=96&d=mm&r=g\",\"url\":\"https:\\\/\\\/secure.gravatar.com\\\/avatar\\\/584fc071ed801cfc28472c1170c0f8b853d028daef4ab569382c91d3702b2174?s=96&d=mm&r=g\",\"contentUrl\":\"https:\\\/\\\/secure.gravatar.com\\\/avatar\\\/584fc071ed801cfc28472c1170c0f8b853d028daef4ab569382c91d3702b2174?s=96&d=mm&r=g\",\"caption\":\"Francesco Gemin\"},\"url\":\"https:\\\/\\\/astoria.bo.it\\\/de\\\/author\\\/franc_83kai\\\/\"}]}<\/script>\n<!-- \/ Yoast SEO plugin. -->","yoast_head_json":{"title":"Die Orte von Lucio Dalla - Hotel Astoria Bologna","robots":{"index":"index","follow":"follow","max-snippet":"max-snippet:-1","max-image-preview":"max-image-preview:large","max-video-preview":"max-video-preview:-1"},"canonical":"https:\/\/astoria.bo.it\/de\/die-orte-von-lucio-dalla\/","og_locale":"de_DE","og_type":"article","og_title":"Die Orte von Lucio Dalla - Hotel Astoria Bologna","og_description":"Lucio Dalla ist und wird f\u00fcr immer eine der beliebtesten Pers\u00f6nlichkeiten Bolognas sein. Geboren und aufgewachsen in der Stadt Bologna, waren der Liedermacher und Bologna durch einen d\u00fcnnen roten Faden verbunden, der aus Liedern und Orten bestand, die ihn inspirierten. In diesem Artikel erz\u00e4hlen wir Ihnen von den Pl\u00e4tzen, Stra\u00dfen und Geb\u00e4uden, die in seinem [&hellip;]","og_url":"https:\/\/astoria.bo.it\/de\/die-orte-von-lucio-dalla\/","og_site_name":"Hotel Astoria Bologna","article_published_time":"2024-04-02T09:39:02+00:00","article_modified_time":"2025-03-07T16:29:50+00:00","og_image":[{"width":1920,"height":1080,"url":"https:\/\/astoria.bo.it\/wp-content\/uploads\/2024\/04\/articoli-astoria-bologna-1.jpeg","type":"image\/jpeg"}],"author":"Francesco Gemin","twitter_card":"summary_large_image","twitter_misc":{"Verfasst von":"Francesco Gemin","Gesch\u00e4tzte Lesezeit":"4\u00a0Minuten"},"schema":{"@context":"https:\/\/schema.org","@graph":[{"@type":"Article","@id":"https:\/\/astoria.bo.it\/de\/die-orte-von-lucio-dalla\/#article","isPartOf":{"@id":"https:\/\/astoria.bo.it\/de\/die-orte-von-lucio-dalla\/"},"author":{"name":"Francesco Gemin","@id":"https:\/\/astoria.bo.it\/de\/#\/schema\/person\/8949b71bfa9def19232cff24cbc37123"},"headline":"Die Orte von Lucio Dalla","datePublished":"2024-04-02T09:39:02+00:00","dateModified":"2025-03-07T16:29:50+00:00","mainEntityOfPage":{"@id":"https:\/\/astoria.bo.it\/de\/die-orte-von-lucio-dalla\/"},"wordCount":568,"publisher":{"@id":"https:\/\/astoria.bo.it\/de\/#organization"},"image":{"@id":"https:\/\/astoria.bo.it\/de\/die-orte-von-lucio-dalla\/#primaryimage"},"thumbnailUrl":"https:\/\/astoria.bo.it\/wp-content\/uploads\/2024\/04\/articoli-astoria-bologna-1.jpeg","articleSection":["Bologna"],"inLanguage":"de"},{"@type":"WebPage","@id":"https:\/\/astoria.bo.it\/de\/die-orte-von-lucio-dalla\/","url":"https:\/\/astoria.bo.it\/de\/die-orte-von-lucio-dalla\/","name":"Die Orte von Lucio Dalla - Hotel Astoria Bologna","isPartOf":{"@id":"https:\/\/astoria.bo.it\/de\/#website"},"primaryImageOfPage":{"@id":"https:\/\/astoria.bo.it\/de\/die-orte-von-lucio-dalla\/#primaryimage"},"image":{"@id":"https:\/\/astoria.bo.it\/de\/die-orte-von-lucio-dalla\/#primaryimage"},"thumbnailUrl":"https:\/\/astoria.bo.it\/wp-content\/uploads\/2024\/04\/articoli-astoria-bologna-1.jpeg","datePublished":"2024-04-02T09:39:02+00:00","dateModified":"2025-03-07T16:29:50+00:00","breadcrumb":{"@id":"https:\/\/astoria.bo.it\/de\/die-orte-von-lucio-dalla\/#breadcrumb"},"inLanguage":"de","potentialAction":[{"@type":"ReadAction","target":["https:\/\/astoria.bo.it\/de\/die-orte-von-lucio-dalla\/"]}]},{"@type":"ImageObject","inLanguage":"de","@id":"https:\/\/astoria.bo.it\/de\/die-orte-von-lucio-dalla\/#primaryimage","url":"https:\/\/astoria.bo.it\/wp-content\/uploads\/2024\/04\/articoli-astoria-bologna-1.jpeg","contentUrl":"https:\/\/astoria.bo.it\/wp-content\/uploads\/2024\/04\/articoli-astoria-bologna-1.jpeg","width":1920,"height":1080},{"@type":"BreadcrumbList","@id":"https:\/\/astoria.bo.it\/de\/die-orte-von-lucio-dalla\/#breadcrumb","itemListElement":[{"@type":"ListItem","position":1,"name":"Home","item":"https:\/\/astoria.bo.it\/de\/"},{"@type":"ListItem","position":2,"name":"Die Orte von Lucio Dalla"}]},{"@type":"WebSite","@id":"https:\/\/astoria.bo.it\/de\/#website","url":"https:\/\/astoria.bo.it\/de\/","name":"Hotel Astoria Bologna","description":"","publisher":{"@id":"https:\/\/astoria.bo.it\/de\/#organization"},"potentialAction":[{"@type":"SearchAction","target":{"@type":"EntryPoint","urlTemplate":"https:\/\/astoria.bo.it\/de\/?s={search_term_string}"},"query-input":{"@type":"PropertyValueSpecification","valueRequired":true,"valueName":"search_term_string"}}],"inLanguage":"de"},{"@type":"Organization","@id":"https:\/\/astoria.bo.it\/de\/#organization","name":"Hotel Astoria Bologna","url":"https:\/\/astoria.bo.it\/de\/","logo":{"@type":"ImageObject","inLanguage":"de","@id":"https:\/\/astoria.bo.it\/de\/#\/schema\/logo\/image\/","url":"https:\/\/astoria.bo.it\/wp-content\/uploads\/2024\/10\/logo-sito-header.webp","contentUrl":"https:\/\/astoria.bo.it\/wp-content\/uploads\/2024\/10\/logo-sito-header.webp","width":165,"height":133,"caption":"Hotel Astoria Bologna"},"image":{"@id":"https:\/\/astoria.bo.it\/de\/#\/schema\/logo\/image\/"}},{"@type":"Person","@id":"https:\/\/astoria.bo.it\/de\/#\/schema\/person\/8949b71bfa9def19232cff24cbc37123","name":"Francesco Gemin","image":{"@type":"ImageObject","inLanguage":"de","@id":"https:\/\/secure.gravatar.com\/avatar\/584fc071ed801cfc28472c1170c0f8b853d028daef4ab569382c91d3702b2174?s=96&d=mm&r=g","url":"https:\/\/secure.gravatar.com\/avatar\/584fc071ed801cfc28472c1170c0f8b853d028daef4ab569382c91d3702b2174?s=96&d=mm&r=g","contentUrl":"https:\/\/secure.gravatar.com\/avatar\/584fc071ed801cfc28472c1170c0f8b853d028daef4ab569382c91d3702b2174?s=96&d=mm&r=g","caption":"Francesco Gemin"},"url":"https:\/\/astoria.bo.it\/de\/author\/franc_83kai\/"}]}},"_links":{"self":[{"href":"https:\/\/astoria.bo.it\/de\/wp-json\/wp\/v2\/posts\/5838","targetHints":{"allow":["GET"]}}],"collection":[{"href":"https:\/\/astoria.bo.it\/de\/wp-json\/wp\/v2\/posts"}],"about":[{"href":"https:\/\/astoria.bo.it\/de\/wp-json\/wp\/v2\/types\/post"}],"author":[{"embeddable":true,"href":"https:\/\/astoria.bo.it\/de\/wp-json\/wp\/v2\/users\/3"}],"replies":[{"embeddable":true,"href":"https:\/\/astoria.bo.it\/de\/wp-json\/wp\/v2\/comments?post=5838"}],"version-history":[{"count":0,"href":"https:\/\/astoria.bo.it\/de\/wp-json\/wp\/v2\/posts\/5838\/revisions"}],"wp:featuredmedia":[{"embeddable":true,"href":"https:\/\/astoria.bo.it\/de\/wp-json\/wp\/v2\/media\/6190"}],"wp:attachment":[{"href":"https:\/\/astoria.bo.it\/de\/wp-json\/wp\/v2\/media?parent=5838"}],"wp:term":[{"taxonomy":"category","embeddable":true,"href":"https:\/\/astoria.bo.it\/de\/wp-json\/wp\/v2\/categories?post=5838"},{"taxonomy":"post_tag","embeddable":true,"href":"https:\/\/astoria.bo.it\/de\/wp-json\/wp\/v2\/tags?post=5838"}],"curies":[{"name":"wp","href":"https:\/\/api.w.org\/{rel}","templated":true}]}}